{"id":1236,"date":"2014-09-05T13:56:32","date_gmt":"2014-09-05T16:56:32","guid":{"rendered":"http:\/\/confeitandocomcarinho.com.br\/wp2\/?p=1236"},"modified":"2014-09-05T13:56:32","modified_gmt":"2014-09-05T16:56:32","slug":"pudim-de-leite-condensado-que-nao-vai-ao-forno","status":"publish","type":"post","link":"https:\/\/confeitandocomcarinho.com.br\/?p=1236","title":{"rendered":"Pudim de leite Condensado que n\u00e3o vai ao forno"},"content":{"rendered":"<p>Ingredientes para calda:<br \/>\n\u2022 1 X\u00edcara (de ch\u00e1) de a\u00e7\u00facar<br \/>\n\u2022 1 \u00bd X\u00edcara (de ch\u00e1) \u00e1gua quente<br \/>\nModo de preparo: Colocar o a\u00e7\u00facar em uma panela e levar ao fogo m\u00e9dio deixando queimar at\u00e9 atingir cor de guaran\u00e1. Em seguida coloque a \u00e1gua quente e abaixe o fogo (cuidado pois pode espirrar a calda neste momento) e deixe dissolver por completo o cristais de a\u00e7\u00facar. Deixe perder um pouco de calor e coloque a calda na forma para esperar o pudim.<\/p>\n<p>Ingredientes para o pudim:<br \/>\n\u2022 1 X\u00edcara (de ch\u00e1) de leite<br \/>\n\u2022 1 X\u00edcara (de ch\u00e1) de creme de leite<br \/>\n\u2022 1 Lata de leite condensado<br \/>\n\u2022 1 sach\u00ea ou 1 colher de sopa de gelatina incolor hidratada em 2 colheres (de sopa) de \u00e1gua<br \/>\nModo de preparo: Hidrate a gelatina e leve ao micro-ondas por 10 segundos, mexa e misture com o leite.<br \/>\nColoque todos os ingredientes em liquidificador e bata por 1 minuto em velocidade alta e despeje na forma com a calda.Leve a geladeira por 3 horas para desenformar ou freezer por 1 hora.<br \/>\nPode ser congelado por 3 meses. Para congelar leve direto ao freezer.<\/p>\n<p>&nbsp;<\/p>\n<p>Assista o passo a passo no v\u00eddeo a baixo:<\/p>\n<p><iframe loading=\"lazy\" title=\"Pudim de leite condensado que n\u00e3o vai ao forno\" width=\"500\" height=\"281\" src=\"https:\/\/www.youtube.com\/embed\/vrmQ9oNoWVo?feature=oembed\" frameborder=\"0\" allow=\"accelerometer; autoplay; clipboard-write; encrypted-media; gyroscope; picture-in-picture; web-share\" referrerpolicy=\"strict-origin-when-cross-origin\" allowfullscreen><\/iframe><\/p>\n","protected":false},"excerpt":{"rendered":"<p>Ingredientes para calda: \u2022 1 X\u00edcara (de ch\u00e1) de a\u00e7\u00facar \u2022 1 \u00bd X\u00edcara (de ch\u00e1) \u00e1gua quente Modo de preparo: Colocar o a\u00e7\u00facar em uma panela e levar ao fogo m\u00e9dio deixando queimar at\u00e9 atingir cor de guaran\u00e1. Em seguida coloque a \u00e1gua quente e abaixe o fogo (cuidado pois pode espirrar a calda [&hellip;]<\/p>\n","protected":false},"author":2,"featured_media":3290,"comment_status":"open","ping_status":"open","sticky":false,"template":"","format":"standard","meta":{"footnotes":""},"categories":[23],"tags":[],"class_list":["post-1236","post","type-post","status-publish","format-standard","has-post-thumbnail","hentry","category-doces-e-sobremesas"],"_links":{"self":[{"href":"https:\/\/confeitandocomcarinho.com.br\/index.php?rest_route=\/wp\/v2\/posts\/1236","targetHints":{"allow":["GET"]}}],"collection":[{"href":"https:\/\/confeitandocomcarinho.com.br\/index.php?rest_route=\/wp\/v2\/posts"}],"about":[{"href":"https:\/\/confeitandocomcarinho.com.br\/index.php?rest_route=\/wp\/v2\/types\/post"}],"author":[{"embeddable":true,"href":"https:\/\/confeitandocomcarinho.com.br\/index.php?rest_route=\/wp\/v2\/users\/2"}],"replies":[{"embeddable":true,"href":"https:\/\/confeitandocomcarinho.com.br\/index.php?rest_route=%2Fwp%2Fv2%2Fcomments&post=1236"}],"version-history":[{"count":0,"href":"https:\/\/confeitandocomcarinho.com.br\/index.php?rest_route=\/wp\/v2\/posts\/1236\/revisions"}],"wp:featuredmedia":[{"embeddable":true,"href":"https:\/\/confeitandocomcarinho.com.br\/index.php?rest_route=\/wp\/v2\/media\/3290"}],"wp:attachment":[{"href":"https:\/\/confeitandocomcarinho.com.br\/index.php?rest_route=%2Fwp%2Fv2%2Fmedia&parent=1236"}],"wp:term":[{"taxonomy":"category","embeddable":true,"href":"https:\/\/confeitandocomcarinho.com.br\/index.php?rest_route=%2Fwp%2Fv2%2Fcategories&post=1236"},{"taxonomy":"post_tag","embeddable":true,"href":"https:\/\/confeitandocomcarinho.com.br\/index.php?rest_route=%2Fwp%2Fv2%2Ftags&post=1236"}],"curies":[{"name":"wp","href":"https:\/\/api.w.org\/{rel}","templated":true}]}}