{"id":1634,"date":"2015-04-02T22:50:40","date_gmt":"2015-04-03T01:50:40","guid":{"rendered":"http:\/\/confeitandocomcarinho.com.br\/wp2\/?p=1634"},"modified":"2015-04-02T22:50:40","modified_gmt":"2015-04-03T01:50:40","slug":"cake-pop-floresta-negra","status":"publish","type":"post","link":"https:\/\/confeitandocomcarinho.com.br\/?p=1634","title":{"rendered":"Bolo no palito"},"content":{"rendered":"<p>Bolo no palito est\u00e1 super em alta e al\u00e9m de ser muito f\u00e1cil de fazer \u00e9 tamb\u00e9m uma delic\u00eda.<br \/>\nA crian\u00e7ada adora, d\u00e1 para rechear como eu ensino no v\u00eddeo a baixo, tamb\u00e9m\u00a0 enfeita e e deixa com aspecto super divertida a mesa de anivers\u00e1rio&#8230;<\/p>\n<p><iframe loading=\"lazy\" title=\"Como Fazer Cake Pop - Bolo no palito\" width=\"500\" height=\"281\" src=\"https:\/\/www.youtube.com\/embed\/uIeUEydq5OM?feature=oembed\" frameborder=\"0\" allow=\"accelerometer; autoplay; clipboard-write; encrypted-media; gyroscope; picture-in-picture; web-share\" referrerpolicy=\"strict-origin-when-cross-origin\" allowfullscreen><\/iframe><\/p>\n","protected":false},"excerpt":{"rendered":"<p>Bolo no palito est\u00e1 super em alta e al\u00e9m de ser muito f\u00e1cil de fazer \u00e9 tamb\u00e9m uma delic\u00eda. A crian\u00e7ada adora, d\u00e1 para rechear como eu ensino no v\u00eddeo a baixo, tamb\u00e9m\u00a0 enfeita e e deixa com aspecto super divertida a mesa de anivers\u00e1rio&#8230;<\/p>\n","protected":false},"author":2,"featured_media":3698,"comment_status":"open","ping_status":"open","sticky":false,"template":"","format":"standard","meta":{"footnotes":""},"categories":[19],"tags":[],"class_list":["post-1634","post","type-post","status-publish","format-standard","has-post-thumbnail","hentry","category-doces-personalizados"],"_links":{"self":[{"href":"https:\/\/confeitandocomcarinho.com.br\/index.php?rest_route=\/wp\/v2\/posts\/1634","targetHints":{"allow":["GET"]}}],"collection":[{"href":"https:\/\/confeitandocomcarinho.com.br\/index.php?rest_route=\/wp\/v2\/posts"}],"about":[{"href":"https:\/\/confeitandocomcarinho.com.br\/index.php?rest_route=\/wp\/v2\/types\/post"}],"author":[{"embeddable":true,"href":"https:\/\/confeitandocomcarinho.com.br\/index.php?rest_route=\/wp\/v2\/users\/2"}],"replies":[{"embeddable":true,"href":"https:\/\/confeitandocomcarinho.com.br\/index.php?rest_route=%2Fwp%2Fv2%2Fcomments&post=1634"}],"version-history":[{"count":0,"href":"https:\/\/confeitandocomcarinho.com.br\/index.php?rest_route=\/wp\/v2\/posts\/1634\/revisions"}],"wp:featuredmedia":[{"embeddable":true,"href":"https:\/\/confeitandocomcarinho.com.br\/index.php?rest_route=\/wp\/v2\/media\/3698"}],"wp:attachment":[{"href":"https:\/\/confeitandocomcarinho.com.br\/index.php?rest_route=%2Fwp%2Fv2%2Fmedia&parent=1634"}],"wp:term":[{"taxonomy":"category","embeddable":true,"href":"https:\/\/confeitandocomcarinho.com.br\/index.php?rest_route=%2Fwp%2Fv2%2Fcategories&post=1634"},{"taxonomy":"post_tag","embeddable":true,"href":"https:\/\/confeitandocomcarinho.com.br\/index.php?rest_route=%2Fwp%2Fv2%2Ftags&post=1634"}],"curies":[{"name":"wp","href":"https:\/\/api.w.org\/{rel}","templated":true}]}}