{"id":1722,"date":"2015-05-05T22:49:31","date_gmt":"2015-05-06T01:49:31","guid":{"rendered":"http:\/\/confeitandocomcarinho.com.br\/wp2\/?p=1722"},"modified":"2015-05-05T22:49:31","modified_gmt":"2015-05-06T01:49:31","slug":"biscoito-de-fuba","status":"publish","type":"post","link":"https:\/\/confeitandocomcarinho.com.br\/?p=1722","title":{"rendered":"Biscoito de fuba"},"content":{"rendered":"<p>Hummm&#8230; que tal um biscoitinho fresquinho e crocante para esta tarde? Ent\u00e3o anote esta receita&#8230;<\/p>\n<p><!--more--><\/p>\n<p>&nbsp;<\/p>\n<p><iframe loading=\"lazy\" title=\"Biscoito de fub\u00e1\" width=\"500\" height=\"281\" src=\"https:\/\/www.youtube.com\/embed\/xkVOOz6B9Ts?feature=oembed\" frameborder=\"0\" allow=\"accelerometer; autoplay; clipboard-write; encrypted-media; gyroscope; picture-in-picture; web-share\" referrerpolicy=\"strict-origin-when-cross-origin\" allowfullscreen><\/iframe><\/p>\n<p>INGREDIENTES:<\/p>\n<p>120g de Farinha de trigo (3\/4 de x\u00edcara de ch\u00e1)<\/p>\n<p>360g de Fub\u00e1 (2 e 1\/2 x\u00edcara de ch\u00e1)<\/p>\n<p>100g de A\u00e7\u00facar (3\/4 x\u00edcara de ch\u00e1)<\/p>\n<p>10g de semente de erva-doce (1 Colher de sopa)<\/p>\n<p>200g de Manteiga temperatura ambiente (10 colheres de sopa)<\/p>\n<p>80g de ovos (4 Gemas de ovo)<\/p>\n<p>MODO DE PREPARO:<\/p>\n<p>Em uma tigela coloque o a\u00e7\u00facar, a manteiga as gemas, misture at\u00e9 formar um creme, adicione a erva doce a farinha e o fub\u00e1, misture com as m\u00e3os at\u00e9 ficar uniforme, faz as bolinhas e achate com o garfo.<\/p>\n<p>Leve ao forno 180graus de 12 a 15 min.<\/p>\n","protected":false},"excerpt":{"rendered":"<p>Hummm&#8230; que tal um biscoitinho fresquinho e crocante para esta tarde? Ent\u00e3o anote esta receita&#8230;<\/p>\n","protected":false},"author":2,"featured_media":3102,"comment_status":"open","ping_status":"open","sticky":false,"template":"","format":"standard","meta":{"footnotes":""},"categories":[18],"tags":[],"class_list":["post-1722","post","type-post","status-publish","format-standard","has-post-thumbnail","hentry","category-biscoitos"],"_links":{"self":[{"href":"https:\/\/confeitandocomcarinho.com.br\/index.php?rest_route=\/wp\/v2\/posts\/1722","targetHints":{"allow":["GET"]}}],"collection":[{"href":"https:\/\/confeitandocomcarinho.com.br\/index.php?rest_route=\/wp\/v2\/posts"}],"about":[{"href":"https:\/\/confeitandocomcarinho.com.br\/index.php?rest_route=\/wp\/v2\/types\/post"}],"author":[{"embeddable":true,"href":"https:\/\/confeitandocomcarinho.com.br\/index.php?rest_route=\/wp\/v2\/users\/2"}],"replies":[{"embeddable":true,"href":"https:\/\/confeitandocomcarinho.com.br\/index.php?rest_route=%2Fwp%2Fv2%2Fcomments&post=1722"}],"version-history":[{"count":0,"href":"https:\/\/confeitandocomcarinho.com.br\/index.php?rest_route=\/wp\/v2\/posts\/1722\/revisions"}],"wp:featuredmedia":[{"embeddable":true,"href":"https:\/\/confeitandocomcarinho.com.br\/index.php?rest_route=\/wp\/v2\/media\/3102"}],"wp:attachment":[{"href":"https:\/\/confeitandocomcarinho.com.br\/index.php?rest_route=%2Fwp%2Fv2%2Fmedia&parent=1722"}],"wp:term":[{"taxonomy":"category","embeddable":true,"href":"https:\/\/confeitandocomcarinho.com.br\/index.php?rest_route=%2Fwp%2Fv2%2Fcategories&post=1722"},{"taxonomy":"post_tag","embeddable":true,"href":"https:\/\/confeitandocomcarinho.com.br\/index.php?rest_route=%2Fwp%2Fv2%2Ftags&post=1722"}],"curies":[{"name":"wp","href":"https:\/\/api.w.org\/{rel}","templated":true}]}}