{"id":3606,"date":"2018-09-17T11:08:43","date_gmt":"2018-09-17T14:08:43","guid":{"rendered":"http:\/\/confeitandocomcarinho.com.br\/site\/?p=3606"},"modified":"2018-09-17T11:08:43","modified_gmt":"2018-09-17T14:08:43","slug":"empadinha-espalmada","status":"publish","type":"post","link":"https:\/\/confeitandocomcarinho.com.br\/?p=3606","title":{"rendered":"Empada de palmito"},"content":{"rendered":"<p>Essa receita de empada \u00e9 especial, bem vinda em todo tipo de ocasi\u00e3o como anivers\u00e1rio, casamento, lanche, reuni\u00e3o corporativa, em fim uma delica&#8230;&#8230;<!--more--><\/p>\n<p>No tutorial a baixo da receita eu preparei uma surpresa para voc\u00ea que precisa fazer produ\u00e7\u00e3o e n\u00e3o tem milhares de forminhas ou\u00a0 mesmo tempo para lavar lou\u00e7as &#8230;.<\/p>\n<p>Como de costume eu deixo a receita em gramas sempre exata e para quem n\u00e3o tem ou n\u00e3o quer investir em uma balan\u00e7a eu deixo tamb\u00e9m as medidas aproximadas em x\u00edcaras padr\u00e3o de 200ml.<\/p>\n<p>EMPADA SUPER F\u00c1CIL<\/p>\n<p>INGREDIENTES<\/p>\n<p>MASSA<\/p>\n<p>500g de farinha de trigo (4 x\u00edcaras de ch\u00e1)<\/p>\n<p>150g de gordura vegetal (3\/4 de x\u00edcara de ch\u00e1)<\/p>\n<p>180g de margarina s\/sal (3\/4 de x\u00edcara de ch\u00e1)<\/p>\n<p>60g de gemas (3 gemas)<\/p>\n<p>3g de sal (1 colher de ch\u00e1)<\/p>\n<p>&nbsp;<\/p>\n<p>RECHEIO DE PALMITO<\/p>\n<p>40g de cebola picadinha (1 cebola pequena)<\/p>\n<p>100g de tomate s\/ pele picadinho ( 1 tomate)<\/p>\n<p>270g de palmito picado (1 vidro)<\/p>\n<p>15ml de \u00f3leo para refogar (1 colher de sopa)<\/p>\n<p>25g de farinha de trigo (1\/4 de x\u00edcara de ch\u00e1)<\/p>\n<p>MODO DE PREPRARO<\/p>\n<p>Para o recheio, coloque o \u00f3leo na panela com a cebola e frite, depois junte o tomate picado e o palmito deixe refogar por 5 min tampado junte ent\u00e3o a farinha mexa bem e est\u00e1 pronto reserve.<\/p>\n<p>Para a massa, coloque em uma tigela a farinha de trigo fa\u00e7a uma cova junte a margarina e a gordura vegetal o sal e as gemas mexa com as m\u00e3os fazendo uma farofa at\u00e9 formar a massa.<\/p>\n<p>Deixe na geladeira por 2 horas descansando coberto com filme pl\u00e1stico, tire da geladeira e modele as empadas conforme o tutorial a baixo:<\/p>\n<p><iframe loading=\"lazy\" title=\"Como fazer Empadinha - super f\u00e1cil\" width=\"500\" height=\"281\" src=\"https:\/\/www.youtube.com\/embed\/Tsl55STOH1k?feature=oembed\" frameborder=\"0\" allow=\"accelerometer; autoplay; clipboard-write; encrypted-media; gyroscope; picture-in-picture; web-share\" referrerpolicy=\"strict-origin-when-cross-origin\" allowfullscreen><\/iframe><\/p>\n","protected":false},"excerpt":{"rendered":"<p>Essa receita de empada \u00e9 especial, bem vinda em todo tipo de ocasi\u00e3o como anivers\u00e1rio, casamento, lanche, reuni\u00e3o corporativa, em fim uma delica&#8230;&#8230;<\/p>\n","protected":false},"author":2,"featured_media":3607,"comment_status":"open","ping_status":"open","sticky":false,"template":"","format":"standard","meta":{"footnotes":""},"categories":[29],"tags":[],"class_list":["post-3606","post","type-post","status-publish","format-standard","has-post-thumbnail","hentry","category-paes-e-lanches"],"_links":{"self":[{"href":"https:\/\/confeitandocomcarinho.com.br\/index.php?rest_route=\/wp\/v2\/posts\/3606","targetHints":{"allow":["GET"]}}],"collection":[{"href":"https:\/\/confeitandocomcarinho.com.br\/index.php?rest_route=\/wp\/v2\/posts"}],"about":[{"href":"https:\/\/confeitandocomcarinho.com.br\/index.php?rest_route=\/wp\/v2\/types\/post"}],"author":[{"embeddable":true,"href":"https:\/\/confeitandocomcarinho.com.br\/index.php?rest_route=\/wp\/v2\/users\/2"}],"replies":[{"embeddable":true,"href":"https:\/\/confeitandocomcarinho.com.br\/index.php?rest_route=%2Fwp%2Fv2%2Fcomments&post=3606"}],"version-history":[{"count":0,"href":"https:\/\/confeitandocomcarinho.com.br\/index.php?rest_route=\/wp\/v2\/posts\/3606\/revisions"}],"wp:featuredmedia":[{"embeddable":true,"href":"https:\/\/confeitandocomcarinho.com.br\/index.php?rest_route=\/wp\/v2\/media\/3607"}],"wp:attachment":[{"href":"https:\/\/confeitandocomcarinho.com.br\/index.php?rest_route=%2Fwp%2Fv2%2Fmedia&parent=3606"}],"wp:term":[{"taxonomy":"category","embeddable":true,"href":"https:\/\/confeitandocomcarinho.com.br\/index.php?rest_route=%2Fwp%2Fv2%2Fcategories&post=3606"},{"taxonomy":"post_tag","embeddable":true,"href":"https:\/\/confeitandocomcarinho.com.br\/index.php?rest_route=%2Fwp%2Fv2%2Ftags&post=3606"}],"curies":[{"name":"wp","href":"https:\/\/api.w.org\/{rel}","templated":true}]}}