{"id":3752,"date":"2018-09-27T13:57:00","date_gmt":"2018-09-27T16:57:00","guid":{"rendered":"http:\/\/confeitandocomcarinho.com.br\/site\/?p=3752"},"modified":"2018-09-27T13:57:00","modified_gmt":"2018-09-27T16:57:00","slug":"empadao-na-marmita","status":"publish","type":"post","link":"https:\/\/confeitandocomcarinho.com.br\/?p=3752","title":{"rendered":"Empadao na marmita"},"content":{"rendered":"<p>Empad\u00e3o j\u00e1 \u00e9 tudo de bom, na marmita ent\u00e3o nem se fala. ideal para lanches r\u00e1pidos e as vezes at\u00e9 um jantar casual o empad\u00e3o \u00e9 uma \u00f3tima pedida.<br \/>\nPara quem precisa de uma renda extra essas delicias na marmita vende que \u00e9 uma beleza, anote a\u00ed essa receita super econ\u00f4mica e f\u00e1cil de fazer.<!--more--><\/p>\n<p><iframe loading=\"lazy\" title=\"Como fazer empad\u00e3o - NA MARMITA\" width=\"500\" height=\"281\" src=\"https:\/\/www.youtube.com\/embed\/A3eAeag_KS4?feature=oembed\" frameborder=\"0\" allow=\"accelerometer; autoplay; clipboard-write; encrypted-media; gyroscope; picture-in-picture; web-share\" referrerpolicy=\"strict-origin-when-cross-origin\" allowfullscreen><\/iframe><\/p>\n<p>E voc\u00ea ainda pode congelar por at\u00e9 3 meses.<\/p>\n<p>Como de costume eu deixo a receita em gramas sempre exata e para quem n\u00e3o tem ou n\u00e3o quer investir em uma balan\u00e7a eu deixo tamb\u00e9m as medidas aproximadas em x\u00edcaras padr\u00e3o de 200ml.<\/p>\n<p><strong>INGREDIENTES<\/strong><\/p>\n<ul>\n<li>300g de farinha de trigo (2 1\/2 x\u00edcaras de ch\u00e1)<\/li>\n<li>160g de margarina s\/sal (3\/4 de x\u00edcara de ch\u00e1)<\/li>\n<li>2g sal (1colher de ch\u00e1)<\/li>\n<li>10g de fermento qu\u00edmico em p\u00f3 (1 colher de sopa)<\/li>\n<li>60ml de \u00e1gua (1\/4 x\u00edcara de ch\u00e1)<\/li>\n<\/ul>\n<p><span style=\"color: #ff00ff;\"><em>400G DE RECHEIO DE SUA PREF\u00caNCIA<\/em> <\/span><\/p>\n<p><strong>MODO DE PREPARO<\/strong><\/p>\n<p>Na tigela coloque a farinha de trigo o fermento o sal e misture, abra uma cova e coloque a margarina sem sal e a \u00e1gua junte tudo com a ponta dos dedos at\u00e9 formar a massa, monte a massa em uma forminha de alum\u00ednio, com a ajuda do pl\u00e1stico abra e apoie sobre a forminha e corte o excesso. Recheie e cubra novamente com a massa sobre o recheio.<\/p>\n<p>DICA DA CHEF: Para um melhor rendimento e produ\u00e7\u00e3o, abra a massa com auxilio de dois pl\u00e1sticos.<\/p>\n<p>Rendimento: 1 forma de 22cm de di\u00e2metro ou 8 unidades de marmita de 150ml.<\/p>\n","protected":false},"excerpt":{"rendered":"<p>Empad\u00e3o j\u00e1 \u00e9 tudo de bom, na marmita ent\u00e3o nem se fala. ideal para lanches r\u00e1pidos e as vezes at\u00e9 um jantar casual o empad\u00e3o \u00e9 uma \u00f3tima pedida. Para quem precisa de uma renda extra essas delicias na marmita vende que \u00e9 uma beleza, anote a\u00ed essa receita super econ\u00f4mica e f\u00e1cil de fazer.<\/p>\n","protected":false},"author":2,"featured_media":3753,"comment_status":"open","ping_status":"open","sticky":false,"template":"","format":"standard","meta":{"footnotes":""},"categories":[29,35],"tags":[],"class_list":["post-3752","post","type-post","status-publish","format-standard","has-post-thumbnail","hentry","category-paes-e-lanches","category-salgados"],"_links":{"self":[{"href":"https:\/\/confeitandocomcarinho.com.br\/index.php?rest_route=\/wp\/v2\/posts\/3752","targetHints":{"allow":["GET"]}}],"collection":[{"href":"https:\/\/confeitandocomcarinho.com.br\/index.php?rest_route=\/wp\/v2\/posts"}],"about":[{"href":"https:\/\/confeitandocomcarinho.com.br\/index.php?rest_route=\/wp\/v2\/types\/post"}],"author":[{"embeddable":true,"href":"https:\/\/confeitandocomcarinho.com.br\/index.php?rest_route=\/wp\/v2\/users\/2"}],"replies":[{"embeddable":true,"href":"https:\/\/confeitandocomcarinho.com.br\/index.php?rest_route=%2Fwp%2Fv2%2Fcomments&post=3752"}],"version-history":[{"count":0,"href":"https:\/\/confeitandocomcarinho.com.br\/index.php?rest_route=\/wp\/v2\/posts\/3752\/revisions"}],"wp:featuredmedia":[{"embeddable":true,"href":"https:\/\/confeitandocomcarinho.com.br\/index.php?rest_route=\/wp\/v2\/media\/3753"}],"wp:attachment":[{"href":"https:\/\/confeitandocomcarinho.com.br\/index.php?rest_route=%2Fwp%2Fv2%2Fmedia&parent=3752"}],"wp:term":[{"taxonomy":"category","embeddable":true,"href":"https:\/\/confeitandocomcarinho.com.br\/index.php?rest_route=%2Fwp%2Fv2%2Fcategories&post=3752"},{"taxonomy":"post_tag","embeddable":true,"href":"https:\/\/confeitandocomcarinho.com.br\/index.php?rest_route=%2Fwp%2Fv2%2Ftags&post=3752"}],"curies":[{"name":"wp","href":"https:\/\/api.w.org\/{rel}","templated":true}]}}