{"id":3755,"date":"2018-09-28T16:00:37","date_gmt":"2018-09-28T19:00:37","guid":{"rendered":"http:\/\/confeitandocomcarinho.com.br\/site\/?p=3755"},"modified":"2018-09-28T16:00:37","modified_gmt":"2018-09-28T19:00:37","slug":"creme-de-confeiteiro-2","status":"publish","type":"post","link":"https:\/\/confeitandocomcarinho.com.br\/?p=3755","title":{"rendered":"Creme de Confeiteiro"},"content":{"rendered":"<p>N\u00e3o existe creme mais vers\u00e1til do que o de confeiteiro, tamb\u00e9m conhecido como creme belga no Brasil.<\/p>\n<p>Serve para sonhos rechear todos tipos de p\u00e3es doces, tortas e sonhos&#8230;<!--more--><\/p>\n<p>&nbsp;<\/p>\n<p><iframe loading=\"lazy\" title=\"Como fazer creme de confeiteiro - super f\u00e1cil\" width=\"500\" height=\"281\" src=\"https:\/\/www.youtube.com\/embed\/MkI0DcF8Szc?feature=oembed\" frameborder=\"0\" allow=\"accelerometer; autoplay; clipboard-write; encrypted-media; gyroscope; picture-in-picture; web-share\" referrerpolicy=\"strict-origin-when-cross-origin\" allowfullscreen><\/iframe><\/p>\n<p>Como de costume eu deixo a receita em gramas sempre exata e para quem n\u00e3o tem ou n\u00e3o quer investir em uma balan\u00e7a eu deixo tamb\u00e9m as medidas aproximadas em x\u00edcaras padr\u00e3o de 200ml.<\/p>\n<p><strong>Ingredientes:<\/strong><\/p>\n<ul>\n<li>1 litro de leite ( deixe um pouco para dissolver o amido)<\/li>\n<li>300g de a\u00e7\u00facar (1 x\u00edcara e meia de ch\u00e1)<\/li>\n<li>100g de amido de milho (3\/4 de x\u00edcara de ch\u00e1)<\/li>\n<li>50g de manteiga s\/sal (1\/4 de x\u00edcara de ch\u00e1)<\/li>\n<li>150g de gemas (aproximadamente 5 gemas)<\/li>\n<li>5ml de ess\u00eancia de baunilha (1colher de ch\u00e1)<\/li>\n<\/ul>\n<p><strong>MODO DE PREPARO<\/strong><\/p>\n<p>Coloque na panela parte do leite, a\u00e7\u00facar deixe ferver, dissolva o amido no restante do leite, tire a panela do fogo junte o amido j\u00e1 diluido no leite, as gemas e a margarina. Deixe engrossar, desligue o fogo e acrescente por \u00faltimo a ess\u00eancia .<\/p>\n<p>Coloque em uma tigela e cubra com filme e leve \u00e0 geladeira.<\/p>\n<p>Validade 5 dias mantido sob refrigera\u00e7\u00e3o.<\/p>\n<p>DICA DA CHEF: acrescentar ainda quente 50g de\u00a0 chocolate branco ou preto que ser\u00e1\u00a0 creme de chocolate.<\/p>\n","protected":false},"excerpt":{"rendered":"<p>N\u00e3o existe creme mais vers\u00e1til do que o de confeiteiro, tamb\u00e9m conhecido como creme belga no Brasil. Serve para sonhos rechear todos tipos de p\u00e3es doces, tortas e sonhos&#8230;<\/p>\n","protected":false},"author":2,"featured_media":3756,"comment_status":"open","ping_status":"open","sticky":false,"template":"","format":"standard","meta":{"footnotes":""},"categories":[22],"tags":[],"class_list":["post-3755","post","type-post","status-publish","format-standard","has-post-thumbnail","hentry","category-coberturas-e-recheios-de-bolos"],"_links":{"self":[{"href":"https:\/\/confeitandocomcarinho.com.br\/index.php?rest_route=\/wp\/v2\/posts\/3755","targetHints":{"allow":["GET"]}}],"collection":[{"href":"https:\/\/confeitandocomcarinho.com.br\/index.php?rest_route=\/wp\/v2\/posts"}],"about":[{"href":"https:\/\/confeitandocomcarinho.com.br\/index.php?rest_route=\/wp\/v2\/types\/post"}],"author":[{"embeddable":true,"href":"https:\/\/confeitandocomcarinho.com.br\/index.php?rest_route=\/wp\/v2\/users\/2"}],"replies":[{"embeddable":true,"href":"https:\/\/confeitandocomcarinho.com.br\/index.php?rest_route=%2Fwp%2Fv2%2Fcomments&post=3755"}],"version-history":[{"count":0,"href":"https:\/\/confeitandocomcarinho.com.br\/index.php?rest_route=\/wp\/v2\/posts\/3755\/revisions"}],"wp:featuredmedia":[{"embeddable":true,"href":"https:\/\/confeitandocomcarinho.com.br\/index.php?rest_route=\/wp\/v2\/media\/3756"}],"wp:attachment":[{"href":"https:\/\/confeitandocomcarinho.com.br\/index.php?rest_route=%2Fwp%2Fv2%2Fmedia&parent=3755"}],"wp:term":[{"taxonomy":"category","embeddable":true,"href":"https:\/\/confeitandocomcarinho.com.br\/index.php?rest_route=%2Fwp%2Fv2%2Fcategories&post=3755"},{"taxonomy":"post_tag","embeddable":true,"href":"https:\/\/confeitandocomcarinho.com.br\/index.php?rest_route=%2Fwp%2Fv2%2Ftags&post=3755"}],"curies":[{"name":"wp","href":"https:\/\/api.w.org\/{rel}","templated":true}]}}