{"id":3766,"date":"2018-10-02T16:48:23","date_gmt":"2018-10-02T19:48:23","guid":{"rendered":"http:\/\/confeitandocomcarinho.com.br\/site\/?p=3766"},"modified":"2018-10-02T16:48:23","modified_gmt":"2018-10-02T19:48:23","slug":"torta-de-maca","status":"publish","type":"post","link":"https:\/\/confeitandocomcarinho.com.br\/?p=3766","title":{"rendered":"TORTA DE MACA"},"content":{"rendered":"<p>Essa \u00e9 uma sobremesa que combina bem em todas esta\u00e7\u00f5es do ano&#8230;<!--more-->pois faz um par incriv\u00e9l com sorvete de creme e fica uma delicia quentinha tamb\u00e9m!<\/p>\n<p>Essa receita de torta de ma\u00e7\u00e3 \u00e9 super crocante e tem um sabor sem igual.<\/p>\n<p><iframe loading=\"lazy\" title=\"Como fazer torta de ma\u00e7\u00e3 Americana -  Apple Pie\" width=\"500\" height=\"281\" src=\"https:\/\/www.youtube.com\/embed\/RPr0L_pGPxQ?feature=oembed\" frameborder=\"0\" allow=\"accelerometer; autoplay; clipboard-write; encrypted-media; gyroscope; picture-in-picture; web-share\" referrerpolicy=\"strict-origin-when-cross-origin\" allowfullscreen><\/iframe><\/p>\n<p>Como de costume eu deixo a receita em gramas sempre exata e para quem n\u00e3o tem ou n\u00e3o quer investir em uma balan\u00e7a eu deixo tamb\u00e9m as medidas aproximadas em x\u00edcaras padr\u00e3o de 200ml.<\/p>\n<p><strong>INGREDIENTES<\/strong><\/p>\n<p><strong>Massa:<\/strong><\/p>\n<ul>\n<li>230g de farinha de trigo (2 x\u00edcaras de ch\u00e1)<\/li>\n<li>100g de manteiga ou margarina s\/ sal (1\/2 x\u00edcara de ch\u00e1)<\/li>\n<li>65g de a\u00e7\u00facar\u00a0 (5 colheres de sopa)<\/li>\n<li>40ml de \u00e1gua (4 colheres de sopa)<\/li>\n<li>1 gema para pincelar (20g)<\/li>\n<\/ul>\n<p>Validade de 3 dias refrigerada.<\/p>\n<p><strong>Recheio:<\/strong><\/p>\n<ul>\n<li>450g de ma\u00e7a (5 unidades)<\/li>\n<li>120g de a\u00e7\u00facar (3\/4 x\u00edcara de ch\u00e1)<\/li>\n<li>10ml de suco de lim\u00e3o (1 colher de sopa)<\/li>\n<li>10g de amido de milho (1 colher de sopa)<\/li>\n<li>1g de canela em p\u00f3 (1\/2 colher de ch\u00e1)<\/li>\n<\/ul>\n<p><strong>MODO DE PREPARO DO RECHEIO<\/strong><\/p>\n<p>Corte as ma\u00e7\u00e3s descascadas e picadas grosseiramente, junte o suco do lim\u00e3o o a\u00e7\u00facar a canela em p\u00f3 e o amido de milho, misture bem e est\u00e1 pronto<\/p>\n<p><strong>MODO DE PREPARO DA MASSA<\/strong><\/p>\n<p>Em uma tigela adicione a farinha de trigo, o a\u00e7\u00facar e misture a manteiga esfarelando com os dedos v\u00e1 juntando a \u00e1gua e mexendo para formar a massa, coloque em um saquinho pl\u00e1stico e leve a geladeira por 1hora, ap\u00f3s esse tempo divida a massa em duas partes, abra com ajuda de pl\u00e1stico filme , coloque na assadeira com a ajuda do pr\u00f3prio pl\u00e1stico corte as sobras.<\/p>\n<p>Coloque o recheio e cubra com a outra parte da massa, com uma faca um corte em cruz e pincele com gema.<\/p>\n<p>&nbsp;<\/p>\n","protected":false},"excerpt":{"rendered":"<p>Essa \u00e9 uma sobremesa que combina bem em todas esta\u00e7\u00f5es do ano&#8230;<\/p>\n","protected":false},"author":2,"featured_media":3767,"comment_status":"open","ping_status":"open","sticky":false,"template":"","format":"standard","meta":{"footnotes":""},"categories":[20],"tags":[],"class_list":["post-3766","post","type-post","status-publish","format-standard","has-post-thumbnail","hentry","category-bolos-e-tortas"],"_links":{"self":[{"href":"https:\/\/confeitandocomcarinho.com.br\/index.php?rest_route=\/wp\/v2\/posts\/3766","targetHints":{"allow":["GET"]}}],"collection":[{"href":"https:\/\/confeitandocomcarinho.com.br\/index.php?rest_route=\/wp\/v2\/posts"}],"about":[{"href":"https:\/\/confeitandocomcarinho.com.br\/index.php?rest_route=\/wp\/v2\/types\/post"}],"author":[{"embeddable":true,"href":"https:\/\/confeitandocomcarinho.com.br\/index.php?rest_route=\/wp\/v2\/users\/2"}],"replies":[{"embeddable":true,"href":"https:\/\/confeitandocomcarinho.com.br\/index.php?rest_route=%2Fwp%2Fv2%2Fcomments&post=3766"}],"version-history":[{"count":0,"href":"https:\/\/confeitandocomcarinho.com.br\/index.php?rest_route=\/wp\/v2\/posts\/3766\/revisions"}],"wp:featuredmedia":[{"embeddable":true,"href":"https:\/\/confeitandocomcarinho.com.br\/index.php?rest_route=\/wp\/v2\/media\/3767"}],"wp:attachment":[{"href":"https:\/\/confeitandocomcarinho.com.br\/index.php?rest_route=%2Fwp%2Fv2%2Fmedia&parent=3766"}],"wp:term":[{"taxonomy":"category","embeddable":true,"href":"https:\/\/confeitandocomcarinho.com.br\/index.php?rest_route=%2Fwp%2Fv2%2Fcategories&post=3766"},{"taxonomy":"post_tag","embeddable":true,"href":"https:\/\/confeitandocomcarinho.com.br\/index.php?rest_route=%2Fwp%2Fv2%2Ftags&post=3766"}],"curies":[{"name":"wp","href":"https:\/\/api.w.org\/{rel}","templated":true}]}}