{"id":3799,"date":"2018-10-17T14:30:38","date_gmt":"2018-10-17T17:30:38","guid":{"rendered":"http:\/\/confeitandocomcarinho.com.br\/site\/?p=3799"},"modified":"2018-10-17T14:30:38","modified_gmt":"2018-10-17T17:30:38","slug":"bolo-veludo-vermelho-red-velvt","status":"publish","type":"post","link":"https:\/\/confeitandocomcarinho.com.br\/?p=3799","title":{"rendered":"BOLO VELUDO VERMELHO (RED VELVT)"},"content":{"rendered":"<p>Este bolo al\u00e9m de lindo \u00e9 extremamente \u00famido e saboroso! Muito indicado para o dia dos namorados e dias das m\u00e3es por seu vermelho intenso&#8230;<!--more--><\/p>\n<p><iframe loading=\"lazy\" title=\"Como fazer bolo veludo vermelho - RED VELVET\" width=\"500\" height=\"281\" src=\"https:\/\/www.youtube.com\/embed\/l0NQPxyndww?feature=oembed\" frameborder=\"0\" allow=\"accelerometer; autoplay; clipboard-write; encrypted-media; gyroscope; picture-in-picture; web-share\" referrerpolicy=\"strict-origin-when-cross-origin\" allowfullscreen><\/iframe><\/p>\n<p>INGREDIENTES<\/p>\n<p>170ml de leite (3\/4 de x\u00edcara de ch\u00e1)<\/p>\n<p>10ml de vinagre branco (1 colher de sopa)<\/p>\n<p>120g de manteiga (1\/2 x\u00edcara de ch\u00e1)<\/p>\n<p>180g de a\u00e7\u00facar (1 x\u00edcara de ch\u00e1)<\/p>\n<p>100g de ovos (2 unidades)<\/p>\n<p>7ml de ess\u00eancia de baunilha (1 colher de sobremesa)<\/p>\n<p>15g de chocolate (1 1\/2 colher de sopa)<\/p>\n<p>210g de farinha de trigo (2 x\u00edcaras rasas de ch\u00e1)<\/p>\n<p>3g de sal (1\/2 colher de ch\u00e1)<\/p>\n<p>3g de bicarbonato (1 colher de ch\u00e1)<\/p>\n<p>10g de corante em gel na cor vermelha (1\/2 colher de ch\u00e1)<\/p>\n<p>MODO DE PREPARO<\/p>\n<p>Em uma tigelinha coloque o leite e suco do lim\u00e3o e reserve.<\/p>\n<p>Na batedeira coloque a manteiga em temperatura ambiente bata at\u00e9 virar um creme, junte a ess\u00eancia e os ovos bata em velocidade alta para incorporar ao creme e reserve.<\/p>\n<p>Em uma tigela coloque os secos a farinha o sal o bicarbonato e o chocolate misture bem.<\/p>\n<p>Acrescente o leite coalhado uma parte dele na batedeira e junte uma parte da mistura seca, sempre mexendo com a colher v\u00e1 alternando assim depois de tudo misturado acrescente o corante, no fundo da assadeira coloque o papel manteiga e coloque a massa.<\/p>\n<p>Leve para assar em forno preaquecido 180C\u00ba por 40min.<\/p>\n<p>Desinforme frio passe uma faca na lateral para soltar vire e solte o papel manteiga corte ao meio e ou em 4 fatias recheie (Sugest\u00e3o de recheio chantyninho essa receita se encontra no site).<\/p>\n","protected":false},"excerpt":{"rendered":"<p>Este bolo al\u00e9m de lindo \u00e9 extremamente \u00famido e saboroso! Muito indicado para o dia dos namorados e dias das m\u00e3es por seu vermelho intenso&#8230;<\/p>\n","protected":false},"author":2,"featured_media":3800,"comment_status":"open","ping_status":"open","sticky":false,"template":"","format":"standard","meta":{"footnotes":""},"categories":[20],"tags":[],"class_list":["post-3799","post","type-post","status-publish","format-standard","has-post-thumbnail","hentry","category-bolos-e-tortas"],"_links":{"self":[{"href":"https:\/\/confeitandocomcarinho.com.br\/index.php?rest_route=\/wp\/v2\/posts\/3799","targetHints":{"allow":["GET"]}}],"collection":[{"href":"https:\/\/confeitandocomcarinho.com.br\/index.php?rest_route=\/wp\/v2\/posts"}],"about":[{"href":"https:\/\/confeitandocomcarinho.com.br\/index.php?rest_route=\/wp\/v2\/types\/post"}],"author":[{"embeddable":true,"href":"https:\/\/confeitandocomcarinho.com.br\/index.php?rest_route=\/wp\/v2\/users\/2"}],"replies":[{"embeddable":true,"href":"https:\/\/confeitandocomcarinho.com.br\/index.php?rest_route=%2Fwp%2Fv2%2Fcomments&post=3799"}],"version-history":[{"count":0,"href":"https:\/\/confeitandocomcarinho.com.br\/index.php?rest_route=\/wp\/v2\/posts\/3799\/revisions"}],"wp:featuredmedia":[{"embeddable":true,"href":"https:\/\/confeitandocomcarinho.com.br\/index.php?rest_route=\/wp\/v2\/media\/3800"}],"wp:attachment":[{"href":"https:\/\/confeitandocomcarinho.com.br\/index.php?rest_route=%2Fwp%2Fv2%2Fmedia&parent=3799"}],"wp:term":[{"taxonomy":"category","embeddable":true,"href":"https:\/\/confeitandocomcarinho.com.br\/index.php?rest_route=%2Fwp%2Fv2%2Fcategories&post=3799"},{"taxonomy":"post_tag","embeddable":true,"href":"https:\/\/confeitandocomcarinho.com.br\/index.php?rest_route=%2Fwp%2Fv2%2Ftags&post=3799"}],"curies":[{"name":"wp","href":"https:\/\/api.w.org\/{rel}","templated":true}]}}