{"id":3819,"date":"2018-10-23T20:39:17","date_gmt":"2018-10-23T23:39:17","guid":{"rendered":"http:\/\/confeitandocomcarinho.com.br\/site\/?p=3819"},"modified":"2018-10-23T20:39:17","modified_gmt":"2018-10-23T23:39:17","slug":"granola-caseira","status":"publish","type":"post","link":"https:\/\/confeitandocomcarinho.com.br\/?p=3819","title":{"rendered":"Granola caseira"},"content":{"rendered":"<p>Granola al\u00e9m de ser muito sa\u00fadav\u00e9l \u00e9 tamb\u00e9m uma delicia&#8230;.<br \/>\nGeralmente compramos industrializada mas garanto que depois de aprender essa delicia nunca mais voc\u00ea ir\u00e1 comprar&#8230;<!--more--><\/p>\n<p><iframe loading=\"lazy\" title=\"Granola caseira - super f\u00e1cil\" width=\"500\" height=\"281\" src=\"https:\/\/www.youtube.com\/embed\/528KSAagoX0?feature=oembed\" frameborder=\"0\" allow=\"accelerometer; autoplay; clipboard-write; encrypted-media; gyroscope; picture-in-picture; web-share\" referrerpolicy=\"strict-origin-when-cross-origin\" allowfullscreen><\/iframe><\/p>\n<p>Ingredientes:<br \/>\n1 x\u00edcara de ch\u00e1 de cereal de arrroz.<br \/>\n2 x\u00edcaras de ch\u00e1 de aveia<br \/>\n1\/2 x\u00edcara de ch\u00e1 de uva passa<br \/>\n2 colheres de sopa de linha\u00e7a dourada<br \/>\n2 colheres de sopa de gergelim<br \/>\n1 colher de sopa de canela em p\u00f3<br \/>\n1\/3 x\u00edcara de ch\u00e1 de geleia<br \/>\n1\/4 x\u00edcara de ch\u00e1 de damasco<br \/>\n1\/4 x\u00edcara de ch\u00e1 de cereja.<\/p>\n<p>Modo de preparo:<\/p>\n<p>Misture todos ingredientes em uma tigela espalhe em uma forma e leve ao forno pr\u00e9 aquecido 180C\u00ba de 15 a 20 minutos\u00a0 e est\u00e1 pronto.<\/p>\n<p>Validade 30 dias.<\/p>\n","protected":false},"excerpt":{"rendered":"<p>Granola al\u00e9m de ser muito sa\u00fadav\u00e9l \u00e9 tamb\u00e9m uma delicia&#8230;. Geralmente compramos industrializada mas garanto que depois de aprender essa delicia nunca mais voc\u00ea ir\u00e1 comprar&#8230;<\/p>\n","protected":false},"author":2,"featured_media":3820,"comment_status":"open","ping_status":"open","sticky":false,"template":"","format":"standard","meta":{"footnotes":""},"categories":[24,29],"tags":[],"class_list":["post-3819","post","type-post","status-publish","format-standard","has-post-thumbnail","hentry","category-fit-lowcarb-e-diet","category-paes-e-lanches"],"_links":{"self":[{"href":"https:\/\/confeitandocomcarinho.com.br\/index.php?rest_route=\/wp\/v2\/posts\/3819","targetHints":{"allow":["GET"]}}],"collection":[{"href":"https:\/\/confeitandocomcarinho.com.br\/index.php?rest_route=\/wp\/v2\/posts"}],"about":[{"href":"https:\/\/confeitandocomcarinho.com.br\/index.php?rest_route=\/wp\/v2\/types\/post"}],"author":[{"embeddable":true,"href":"https:\/\/confeitandocomcarinho.com.br\/index.php?rest_route=\/wp\/v2\/users\/2"}],"replies":[{"embeddable":true,"href":"https:\/\/confeitandocomcarinho.com.br\/index.php?rest_route=%2Fwp%2Fv2%2Fcomments&post=3819"}],"version-history":[{"count":0,"href":"https:\/\/confeitandocomcarinho.com.br\/index.php?rest_route=\/wp\/v2\/posts\/3819\/revisions"}],"wp:featuredmedia":[{"embeddable":true,"href":"https:\/\/confeitandocomcarinho.com.br\/index.php?rest_route=\/wp\/v2\/media\/3820"}],"wp:attachment":[{"href":"https:\/\/confeitandocomcarinho.com.br\/index.php?rest_route=%2Fwp%2Fv2%2Fmedia&parent=3819"}],"wp:term":[{"taxonomy":"category","embeddable":true,"href":"https:\/\/confeitandocomcarinho.com.br\/index.php?rest_route=%2Fwp%2Fv2%2Fcategories&post=3819"},{"taxonomy":"post_tag","embeddable":true,"href":"https:\/\/confeitandocomcarinho.com.br\/index.php?rest_route=%2Fwp%2Fv2%2Ftags&post=3819"}],"curies":[{"name":"wp","href":"https:\/\/api.w.org\/{rel}","templated":true}]}}