{"id":3881,"date":"2018-11-21T12:26:54","date_gmt":"2018-11-21T14:26:54","guid":{"rendered":"http:\/\/confeitandocomcarinho.com.br\/site\/?p=3881"},"modified":"2018-11-21T12:26:54","modified_gmt":"2018-11-21T14:26:54","slug":"rabanada-de-churros-assada","status":"publish","type":"post","link":"https:\/\/confeitandocomcarinho.com.br\/?p=3881","title":{"rendered":"Rabanada de Churros Assada."},"content":{"rendered":"<p>Rabanada \u00e9 iuma sobremesa tipica nos finais de ano, mas com essa repaginada vai ficar ainda mais esperada essa \u00e9poca do ano&#8230;<!--more--><\/p>\n<p><iframe loading=\"lazy\" title=\"Rabanada  Assada e Recheada (Sabor Churros)\" width=\"500\" height=\"281\" src=\"https:\/\/www.youtube.com\/embed\/hS36L2PwbiY?feature=oembed\" frameborder=\"0\" allow=\"accelerometer; autoplay; clipboard-write; encrypted-media; gyroscope; picture-in-picture; web-share\" referrerpolicy=\"strict-origin-when-cross-origin\" allowfullscreen><\/iframe><\/p>\n<p>Ingredientes:<br \/>\n500g de p\u00e3o italiano ( 1 pacote)<br \/>\n500ml de leite (2 x\u00edcaras de ch\u00e1)<br \/>\n400g de ovos (8 unidades)<br \/>\n180g a\u00e7\u00facar (1 x\u00edcara de ch\u00e1)<\/p>\n<p>Para empanar:<br \/>\n180g de a\u00e7\u00facar ( 1x\u00edcara de ch\u00e1)<br \/>\n20g de canela em p\u00f3 ( colher de sopa)<\/p>\n<p>Para o recheio:<br \/>\n400g de doce de leite ( 1 lata)<\/p>\n<p>Modo de Preparo:<\/p>\n<p>Molhe a fatia de p\u00e3o no leite\u00a0 rapidamente e no ovo, disponha em assadeiras e\u00a0 leve para assar em forno pr\u00e9-aquecido 180C\u00b0 por 20 minutos.<br \/>\nRecheie com o doce de leite e empane em canela misturada com a\u00e7\u00facar e sirva.<\/p>\n","protected":false},"excerpt":{"rendered":"<p>Rabanada \u00e9 iuma sobremesa tipica nos finais de ano, mas com essa repaginada vai ficar ainda mais esperada essa \u00e9poca do ano&#8230;<\/p>\n","protected":false},"author":2,"featured_media":3882,"comment_status":"open","ping_status":"open","sticky":false,"template":"","format":"standard","meta":{"footnotes":""},"categories":[23,28,33],"tags":[],"class_list":["post-3881","post","type-post","status-publish","format-standard","has-post-thumbnail","hentry","category-doces-e-sobremesas","category-natal","category-pratos-tipicos"],"_links":{"self":[{"href":"https:\/\/confeitandocomcarinho.com.br\/index.php?rest_route=\/wp\/v2\/posts\/3881","targetHints":{"allow":["GET"]}}],"collection":[{"href":"https:\/\/confeitandocomcarinho.com.br\/index.php?rest_route=\/wp\/v2\/posts"}],"about":[{"href":"https:\/\/confeitandocomcarinho.com.br\/index.php?rest_route=\/wp\/v2\/types\/post"}],"author":[{"embeddable":true,"href":"https:\/\/confeitandocomcarinho.com.br\/index.php?rest_route=\/wp\/v2\/users\/2"}],"replies":[{"embeddable":true,"href":"https:\/\/confeitandocomcarinho.com.br\/index.php?rest_route=%2Fwp%2Fv2%2Fcomments&post=3881"}],"version-history":[{"count":0,"href":"https:\/\/confeitandocomcarinho.com.br\/index.php?rest_route=\/wp\/v2\/posts\/3881\/revisions"}],"wp:featuredmedia":[{"embeddable":true,"href":"https:\/\/confeitandocomcarinho.com.br\/index.php?rest_route=\/wp\/v2\/media\/3882"}],"wp:attachment":[{"href":"https:\/\/confeitandocomcarinho.com.br\/index.php?rest_route=%2Fwp%2Fv2%2Fmedia&parent=3881"}],"wp:term":[{"taxonomy":"category","embeddable":true,"href":"https:\/\/confeitandocomcarinho.com.br\/index.php?rest_route=%2Fwp%2Fv2%2Fcategories&post=3881"},{"taxonomy":"post_tag","embeddable":true,"href":"https:\/\/confeitandocomcarinho.com.br\/index.php?rest_route=%2Fwp%2Fv2%2Ftags&post=3881"}],"curies":[{"name":"wp","href":"https:\/\/api.w.org\/{rel}","templated":true}]}}