{"id":3925,"date":"2018-12-11T17:57:12","date_gmt":"2018-12-11T19:57:12","guid":{"rendered":"http:\/\/confeitandocomcarinho.com.br\/site\/?p=3914"},"modified":"2018-12-11T17:57:12","modified_gmt":"2018-12-11T19:57:12","slug":"salgado-fit","status":"publish","type":"post","link":"https:\/\/confeitandocomcarinho.com.br\/?p=3925","title":{"rendered":"Salgado Fit"},"content":{"rendered":"<p>Vou dividir aqui com voc\u00eas uma massa maravilhosa que eu desenvolvi para minha filha levar de lanche sem gluten, sem leite e deliciosa&#8230;<\/p>\n<p>No v\u00eddeo abaixo dou dicas de congelamento e descongelamento&#8230;.<!--more--><\/p>\n<p><iframe loading=\"lazy\" title=\"Salgado Fit- s\/gl\u00faten s\/ leite  SUPER FOFINHO\/ DELICISO\" width=\"500\" height=\"281\" src=\"https:\/\/www.youtube.com\/embed\/pOtQP5qJedc?feature=oembed\" frameborder=\"0\" allow=\"accelerometer; autoplay; clipboard-write; encrypted-media; gyroscope; picture-in-picture; web-share\" referrerpolicy=\"strict-origin-when-cross-origin\" allowfullscreen><\/iframe><\/p>\n<p>Ingredientes:<\/p>\n<p>Massa<br \/>\n200g de polvilho doce<br \/>\n100g de farinha de arroz<br \/>\n50g de farinha de gr\u00e3o de bico<br \/>\n50g de farelo de aveia<br \/>\n10g de farinha de linha\u00e7a<br \/>\n100g de ovos<br \/>\n25g de a\u00e7\u00facar demerara<br \/>\n30ml de azeite<br \/>\n10g de fermento biol\u00f3gico<br \/>\n5g de sal<br \/>\n5g de goma xantana<br \/>\n1g de alho em p\u00f3<br \/>\n150ml de \u00e1gua morna<\/p>\n<p>Modo de preparo:<\/p>\n<p>Em uma vasilha colocque todos os secos: o polvilho, farinha de arroz, farinha de gr\u00e3o de bico, farelo de aveia, farinha de linha\u00e7a, sal, fermento, goma xantana e o alho em p\u00f3. Misture bem, fa\u00e7a uma cavidade no centro e acrescente os ovos azeite parte da \u00e1gua e v\u00e1 amassando dado ponto com o restante da \u00e1gua.<\/p>\n<p>Abra com o aux\u00edlio da pr\u00f3pria m\u00e3o, recheie e modele no formato desejado. Pincele gema caso queira polvilhe gergelim e leve ao forno pr\u00e9 aquecido 180 C\u00ba por 25 minutos.<\/p>\n<p>Rendimento: 17 unidades grandes.<\/p>\n<p>Recheio:<br \/>\n500g de frango.<\/p>\n","protected":false},"excerpt":{"rendered":"<p>Vou dividir aqui com voc\u00eas uma massa maravilhosa que eu desenvolvi para minha filha levar de lanche sem gluten, sem leite e deliciosa&#8230; No v\u00eddeo abaixo dou dicas de congelamento e descongelamento&#8230;.<\/p>\n","protected":false},"author":2,"featured_media":3915,"comment_status":"open","ping_status":"open","sticky":false,"template":"","format":"standard","meta":{"footnotes":""},"categories":[24,29],"tags":[],"class_list":["post-3925","post","type-post","status-publish","format-standard","has-post-thumbnail","hentry","category-fit-lowcarb-e-diet","category-paes-e-lanches"],"_links":{"self":[{"href":"https:\/\/confeitandocomcarinho.com.br\/index.php?rest_route=\/wp\/v2\/posts\/3925","targetHints":{"allow":["GET"]}}],"collection":[{"href":"https:\/\/confeitandocomcarinho.com.br\/index.php?rest_route=\/wp\/v2\/posts"}],"about":[{"href":"https:\/\/confeitandocomcarinho.com.br\/index.php?rest_route=\/wp\/v2\/types\/post"}],"author":[{"embeddable":true,"href":"https:\/\/confeitandocomcarinho.com.br\/index.php?rest_route=\/wp\/v2\/users\/2"}],"replies":[{"embeddable":true,"href":"https:\/\/confeitandocomcarinho.com.br\/index.php?rest_route=%2Fwp%2Fv2%2Fcomments&post=3925"}],"version-history":[{"count":0,"href":"https:\/\/confeitandocomcarinho.com.br\/index.php?rest_route=\/wp\/v2\/posts\/3925\/revisions"}],"wp:featuredmedia":[{"embeddable":true,"href":"https:\/\/confeitandocomcarinho.com.br\/index.php?rest_route=\/wp\/v2\/menu-items\/3915"}],"wp:attachment":[{"href":"https:\/\/confeitandocomcarinho.com.br\/index.php?rest_route=%2Fwp%2Fv2%2Fmedia&parent=3925"}],"wp:term":[{"taxonomy":"category","embeddable":true,"href":"https:\/\/confeitandocomcarinho.com.br\/index.php?rest_route=%2Fwp%2Fv2%2Fcategories&post=3925"},{"taxonomy":"post_tag","embeddable":true,"href":"https:\/\/confeitandocomcarinho.com.br\/index.php?rest_route=%2Fwp%2Fv2%2Ftags&post=3925"}],"curies":[{"name":"wp","href":"https:\/\/api.w.org\/{rel}","templated":true}]}}