{"id":3943,"date":"2019-01-30T13:58:09","date_gmt":"2019-01-30T15:58:09","guid":{"rendered":"http:\/\/confeitandocomcarinho.com.br\/site\/?p=3943"},"modified":"2019-01-30T13:58:09","modified_gmt":"2019-01-30T15:58:09","slug":"quiche-de-cogumelos-sem-gluten","status":"publish","type":"post","link":"https:\/\/confeitandocomcarinho.com.br\/?p=3943","title":{"rendered":"Quiche de cogumelos \/ sem gluten"},"content":{"rendered":"<p>Ol\u00e1 pessoal, hoje vou dividir com voc\u00eas a receita incr\u00edvel de uma delicia fit e sem gl\u00faten que eu tenho vendido muito ultimamente para quem quer um lanchinho a tarde sem culpa. Mas n\u00e3o \u00e9 somente para quem est\u00e1 de dieta, pois \u00e9 uma delicia experimente! No v\u00eddeo eu dou dicas de armazenamento e subatitui\u00e7\u00f5es \ud83d\ude42<!--more--><\/p>\n<p><iframe loading=\"lazy\" title=\"Quiche de cogumelos - sem gl\u00faten - fit\" width=\"500\" height=\"281\" src=\"https:\/\/www.youtube.com\/embed\/gNaE3K6jovU?feature=oembed\" frameborder=\"0\" allow=\"accelerometer; autoplay; clipboard-write; encrypted-media; gyroscope; picture-in-picture; web-share\" referrerpolicy=\"strict-origin-when-cross-origin\" allowfullscreen><\/iframe><\/p>\n<p>Recheio:<br \/>\n200g de cogumelo de chimeji ( 1 embalagem)<br \/>\n1 colher de sopa de manteiga<br \/>\n4 colheres de sopa de cebola picadas<br \/>\n4 colheres de sopa de salsa picada<br \/>\n1\/2 colher de sopa de sal<br \/>\n1\/2 x\u00edcara de ch\u00e1 de leite<br \/>\n2 ovos inteiros<br \/>\n1\/2 x\u00edcara de ch\u00e1 de mussarela ralada.<\/p>\n<p>Modo de preparo:<\/p>\n<p>Pique o shimeji e refogue em uma panela com a manteiga a cebola picada e salsa. (reserve)<\/p>\n<p>Assim que esfriar o refogado de shimeji acrescentar os ovos e o leite.<\/p>\n<p>Massa:<\/p>\n<p>1 ovo<br \/>\n1\/2 x\u00edcara (de ch\u00e1) de farinha de gr\u00e3o de bico<br \/>\n1\/2 x\u00edcara (de ch\u00e1) de farinha de arroz<br \/>\n1\/4 de x\u00edcara (de ch\u00e1) de f\u00e9cula de batata<br \/>\n2 colheres (de sopa) de \u00f3leo de coco<br \/>\n1 colher (de sopa) de linha\u00e7\u00e3<br \/>\n3 colheres de sopa de \u00e1gua.<\/p>\n<p>Modo de preparo:<\/p>\n<p>Em uma tijela misturar todos ingredientes come\u00e7ando pelo secos e depois o s liquidos at\u00e9 formar uma massa uniforme.<\/p>\n<p>Abra a massa uma a uma em forminhas individuais ou uma forma \u00fanica.<\/p>\n<p>Disponha o recheio nas forminhas cobertas com a massa e\u00a0 plovilhe a mussarela.<\/p>\n<p>Leve ao forno por 30 minutos.<\/p>\n","protected":false},"excerpt":{"rendered":"<p>Ol\u00e1 pessoal, hoje vou dividir com voc\u00eas a receita incr\u00edvel de uma delicia fit e sem gl\u00faten que eu tenho vendido muito ultimamente para quem quer um lanchinho a tarde sem culpa. Mas n\u00e3o \u00e9 somente para quem est\u00e1 de dieta, pois \u00e9 uma delicia experimente! No v\u00eddeo eu dou dicas de armazenamento e subatitui\u00e7\u00f5es [&hellip;]<\/p>\n","protected":false},"author":2,"featured_media":3944,"comment_status":"open","ping_status":"open","sticky":false,"template":"","format":"standard","meta":{"footnotes":""},"categories":[24,29,35],"tags":[],"class_list":["post-3943","post","type-post","status-publish","format-standard","has-post-thumbnail","hentry","category-fit-lowcarb-e-diet","category-paes-e-lanches","category-salgados"],"_links":{"self":[{"href":"https:\/\/confeitandocomcarinho.com.br\/index.php?rest_route=\/wp\/v2\/posts\/3943","targetHints":{"allow":["GET"]}}],"collection":[{"href":"https:\/\/confeitandocomcarinho.com.br\/index.php?rest_route=\/wp\/v2\/posts"}],"about":[{"href":"https:\/\/confeitandocomcarinho.com.br\/index.php?rest_route=\/wp\/v2\/types\/post"}],"author":[{"embeddable":true,"href":"https:\/\/confeitandocomcarinho.com.br\/index.php?rest_route=\/wp\/v2\/users\/2"}],"replies":[{"embeddable":true,"href":"https:\/\/confeitandocomcarinho.com.br\/index.php?rest_route=%2Fwp%2Fv2%2Fcomments&post=3943"}],"version-history":[{"count":0,"href":"https:\/\/confeitandocomcarinho.com.br\/index.php?rest_route=\/wp\/v2\/posts\/3943\/revisions"}],"wp:featuredmedia":[{"embeddable":true,"href":"https:\/\/confeitandocomcarinho.com.br\/index.php?rest_route=\/"}],"wp:attachment":[{"href":"https:\/\/confeitandocomcarinho.com.br\/index.php?rest_route=%2Fwp%2Fv2%2Fmedia&parent=3943"}],"wp:term":[{"taxonomy":"category","embeddable":true,"href":"https:\/\/confeitandocomcarinho.com.br\/index.php?rest_route=%2Fwp%2Fv2%2Fcategories&post=3943"},{"taxonomy":"post_tag","embeddable":true,"href":"https:\/\/confeitandocomcarinho.com.br\/index.php?rest_route=%2Fwp%2Fv2%2Ftags&post=3943"}],"curies":[{"name":"wp","href":"https:\/\/api.w.org\/{rel}","templated":true}]}}