{"id":3974,"date":"2019-02-28T17:10:00","date_gmt":"2019-02-28T20:10:00","guid":{"rendered":"http:\/\/confeitandocomcarinho.com.br\/site\/?p=3974"},"modified":"2019-02-28T17:10:00","modified_gmt":"2019-02-28T20:10:00","slug":"pudim-de-banana","status":"publish","type":"post","link":"https:\/\/confeitandocomcarinho.com.br\/?p=3974","title":{"rendered":"Pudim de Banana"},"content":{"rendered":"<p>Pra quem gosta de banana e ama pudim essa \u00e9 a melhor sobremesa que pode existir&#8230;.<!--more--><\/p>\n<p><iframe loading=\"lazy\" title=\"Pudim de banana - Super f\u00e1cil\" width=\"500\" height=\"281\" src=\"https:\/\/www.youtube.com\/embed\/4FQDrQPKU0g?feature=oembed\" frameborder=\"0\" allow=\"accelerometer; autoplay; clipboard-write; encrypted-media; gyroscope; picture-in-picture; web-share\" referrerpolicy=\"strict-origin-when-cross-origin\" allowfullscreen><\/iframe><\/p>\n<p>Ingredientes:<\/p>\n<p>1 lata de leite condensado (395g)<br \/>\n1 e 1\/2 x\u00edcara de leite (300ml)<br \/>\n2 ovos (100g)<br \/>\n2 bananas (200g)<br \/>\n1 colher (de sopa) de amido de milho (10g)<br \/>\n1 colher (de ch\u00e1) de canela em p\u00f3 (3g)<\/p>\n<p>Para caramelizar:<br \/>\n1\/4 de x\u00edcara (de ch\u00e1) de a\u00e7\u00facar (50g)<\/p>\n<p>Modo de preparo:<\/p>\n<p>No liquidificador bater todos ingredientes e despejar na forma caramelizada.<\/p>\n<p>Eu caramelizei a forma direto na chama do fog\u00e3o, coloquei o a\u00e7\u00facar na forma e levei at\u00e9 a chama, assim que derreteu por completo est\u00e1 pronto.<\/p>\n","protected":false},"excerpt":{"rendered":"<p>Pra quem gosta de banana e ama pudim essa \u00e9 a melhor sobremesa que pode existir&#8230;.<\/p>\n","protected":false},"author":2,"featured_media":3975,"comment_status":"open","ping_status":"open","sticky":false,"template":"","format":"standard","meta":{"footnotes":""},"categories":[23],"tags":[],"class_list":["post-3974","post","type-post","status-publish","format-standard","has-post-thumbnail","hentry","category-doces-e-sobremesas"],"_links":{"self":[{"href":"https:\/\/confeitandocomcarinho.com.br\/index.php?rest_route=\/wp\/v2\/posts\/3974","targetHints":{"allow":["GET"]}}],"collection":[{"href":"https:\/\/confeitandocomcarinho.com.br\/index.php?rest_route=\/wp\/v2\/posts"}],"about":[{"href":"https:\/\/confeitandocomcarinho.com.br\/index.php?rest_route=\/wp\/v2\/types\/post"}],"author":[{"embeddable":true,"href":"https:\/\/confeitandocomcarinho.com.br\/index.php?rest_route=\/wp\/v2\/users\/2"}],"replies":[{"embeddable":true,"href":"https:\/\/confeitandocomcarinho.com.br\/index.php?rest_route=%2Fwp%2Fv2%2Fcomments&post=3974"}],"version-history":[{"count":0,"href":"https:\/\/confeitandocomcarinho.com.br\/index.php?rest_route=\/wp\/v2\/posts\/3974\/revisions"}],"wp:featuredmedia":[{"embeddable":true,"href":"https:\/\/confeitandocomcarinho.com.br\/index.php?rest_route=\/"}],"wp:attachment":[{"href":"https:\/\/confeitandocomcarinho.com.br\/index.php?rest_route=%2Fwp%2Fv2%2Fmedia&parent=3974"}],"wp:term":[{"taxonomy":"category","embeddable":true,"href":"https:\/\/confeitandocomcarinho.com.br\/index.php?rest_route=%2Fwp%2Fv2%2Fcategories&post=3974"},{"taxonomy":"post_tag","embeddable":true,"href":"https:\/\/confeitandocomcarinho.com.br\/index.php?rest_route=%2Fwp%2Fv2%2Ftags&post=3974"}],"curies":[{"name":"wp","href":"https:\/\/api.w.org\/{rel}","templated":true}]}}