{"id":4013,"date":"2019-03-28T23:45:33","date_gmt":"2019-03-29T02:45:33","guid":{"rendered":"http:\/\/confeitandocomcarinho.com.br\/site\/?p=4013"},"modified":"2019-03-28T23:45:33","modified_gmt":"2019-03-29T02:45:33","slug":"massa-de-chocolate-dark","status":"publish","type":"post","link":"https:\/\/confeitandocomcarinho.com.br\/?p=4013","title":{"rendered":"Massa de chocolate Dark"},"content":{"rendered":"\n<figure class=\"wp-block-embed-youtube wp-block-embed is-type-video is-provider-youtube wp-embed-aspect-16-9 wp-has-aspect-ratio\"><div class=\"wp-block-embed__wrapper\">\n<iframe loading=\"lazy\" title=\"Como Fazer Massa  de bolo pretinho\" width=\"500\" height=\"281\" src=\"https:\/\/www.youtube.com\/embed\/-kkoTegzkcU?feature=oembed\" frameborder=\"0\" allow=\"accelerometer; autoplay; clipboard-write; encrypted-media; gyroscope; picture-in-picture; web-share\" referrerpolicy=\"strict-origin-when-cross-origin\" allowfullscreen><\/iframe>\n<\/div><\/figure>\n\n\n\n<p>Sabe aquela massa de chocolate super escurinha? \u00c9 essa delicia que trago para voc\u00eas hoje, mas j\u00e1 vou logo avisando que n\u00e3o \u00e9 uma massa super doce ent\u00e3o se voc\u00ea gosta de massa bem docinha pode aumentar a quantidade de a\u00e7\u00facar ou diminuir a de cacau, j\u00e1 para mim est\u00e1 \u00e9 perfeita! A lista de ingredientes est\u00e1 logo a abaixo:<\/p>\n\n\n\n<p>Ingredientes:<br> 4 ovos (200g)<br> 1 1\/2 X\u00edcara de a\u00e7\u00facar (250g)<br> 2 1\/2 X\u00edcara de farinha (260g)<br> 1\/2 X\u00edcara de \u00f3leo (120ml)<br> 1 X\u00edcara de cacau em p\u00f3 (100g)<br> 1 X\u00edcara de \u00e1gua quente (240ml)<br> 1 Colher de fermento em p\u00f3 (10g)<br> 1 colher (de sopa) de bicarbonato (10g)<\/p>\n\n\n\n<p>Modo de preparo: <\/p>\n\n\n\n<p>Em uma tigela acrescente os ovos, \u00f3leo, a\u00e7\u00facar e o cacau, misture muito bem e acrescente a farinha de trigo de uma s\u00f3 vez juntamente com o fermento o bicarbonato e v\u00e1 misturando enquanto acrescenta a \u00e1gua morna.<\/p>\n\n\n\n<p>Leve em assadeira (20cm de d\u00eamtro) forrada com papel manteiga e asse em forno 180C\u00b0 por 40 minutos aproxiamdamente.<\/p>\n","protected":false},"excerpt":{"rendered":"<p>Sabe aquela massa de chocolate super escurinha? \u00c9 essa delicia que trago para voc\u00eas hoje, mas j\u00e1 vou logo avisando que n\u00e3o \u00e9 uma massa super doce ent\u00e3o se voc\u00ea gosta de massa bem docinha pode aumentar a quantidade de a\u00e7\u00facar ou diminuir a de cacau, j\u00e1 para mim est\u00e1 \u00e9 perfeita! A lista de [&hellip;]<\/p>\n","protected":false},"author":2,"featured_media":4014,"comment_status":"open","ping_status":"open","sticky":false,"template":"","format":"standard","meta":{"footnotes":""},"categories":[20],"tags":[],"class_list":["post-4013","post","type-post","status-publish","format-standard","has-post-thumbnail","hentry","category-bolos-e-tortas"],"_links":{"self":[{"href":"https:\/\/confeitandocomcarinho.com.br\/index.php?rest_route=\/wp\/v2\/posts\/4013","targetHints":{"allow":["GET"]}}],"collection":[{"href":"https:\/\/confeitandocomcarinho.com.br\/index.php?rest_route=\/wp\/v2\/posts"}],"about":[{"href":"https:\/\/confeitandocomcarinho.com.br\/index.php?rest_route=\/wp\/v2\/types\/post"}],"author":[{"embeddable":true,"href":"https:\/\/confeitandocomcarinho.com.br\/index.php?rest_route=\/wp\/v2\/users\/2"}],"replies":[{"embeddable":true,"href":"https:\/\/confeitandocomcarinho.com.br\/index.php?rest_route=%2Fwp%2Fv2%2Fcomments&post=4013"}],"version-history":[{"count":0,"href":"https:\/\/confeitandocomcarinho.com.br\/index.php?rest_route=\/wp\/v2\/posts\/4013\/revisions"}],"wp:featuredmedia":[{"embeddable":true,"href":"https:\/\/confeitandocomcarinho.com.br\/index.php?rest_route=\/"}],"wp:attachment":[{"href":"https:\/\/confeitandocomcarinho.com.br\/index.php?rest_route=%2Fwp%2Fv2%2Fmedia&parent=4013"}],"wp:term":[{"taxonomy":"category","embeddable":true,"href":"https:\/\/confeitandocomcarinho.com.br\/index.php?rest_route=%2Fwp%2Fv2%2Fcategories&post=4013"},{"taxonomy":"post_tag","embeddable":true,"href":"https:\/\/confeitandocomcarinho.com.br\/index.php?rest_route=%2Fwp%2Fv2%2Ftags&post=4013"}],"curies":[{"name":"wp","href":"https:\/\/api.w.org\/{rel}","templated":true}]}}