{"id":4066,"date":"2019-07-18T15:22:36","date_gmt":"2019-07-18T18:22:36","guid":{"rendered":"http:\/\/confeitandocomcarinho.com.br\/site\/?p=4066"},"modified":"2019-07-18T15:22:36","modified_gmt":"2019-07-18T18:22:36","slug":"alfajor-de-maizena","status":"publish","type":"post","link":"https:\/\/confeitandocomcarinho.com.br\/?p=4066","title":{"rendered":"Alfajor de Maizena"},"content":{"rendered":"\n<p><\/p>\n\n\n\n<figure class=\"wp-block-image\"><img decoding=\"async\" src=\"https:\/\/confeitandocomcarinho.com.br\/site\/wp-content\/uploads\/2019\/07\/IMG_20190430_192148-1.png\" alt=\"\" class=\"wp-image-4069\"\/><\/figure>\n\n\n\n<p>\n\n Hoje trago para voc\u00eas uma receita maravilhosa de alfajor que derrete na boca, o famoso alfajor de padaria.<\/p>\n\n\n\n<p>1 e 1\/2 x\u00edcara (de ch\u00e1) de amido de milho (225g)<br>3\/4 x\u00edcara de farinha (de ch\u00e1) de trigo (125g)<br>1\/2 tablete de manteida s\/ sal (100g)<br>5 colheres de (sopa) de a\u00e7\u00facar (100g)<br>1 gema de ovo (20g)<br>1\/2 colher de (sopa) de fermento em p\u00f3 (5g)<br>10 gotas de ess\u00eancia de baunilha.<br> recheio:<br> 1 lata de doce de leite<br> coco ralado para decorar<br> Rendimento: 30 unidades aproximadamente.<br> Modo de preparo:<br> Em uma tigela acrescente os ingredientes secos: amido de milho, farinha de trigo, a\u00e7\u00facar, fermento em p\u00f3 e misture, em seguida acrescente a manteiga, a gema , a ess\u00eancia de baunilha e amasse at\u00e9 virar uma bolinha compactada. Leve a geladeira pr 2 horas.<br> Abra a massa entre dois pl\u00e1sticos e corte discos com auxilio de cortadores ou at\u00e9 mesmo a boca de um copo e leve para assar em forno pr\u00e9-aquecido em 180C\u00ba por 12 minutos.<br> Depois de frio rechear e passar no coco ralado. \n\n<\/p>\n\n\n\n<figure class=\"wp-block-embed-youtube wp-block-embed is-type-video is-provider-youtube wp-embed-aspect-16-9 wp-has-aspect-ratio\"><div class=\"wp-block-embed__wrapper\">\n<iframe loading=\"lazy\" title=\"Alfajor de Maizena (Alfajor de Padaria)\" width=\"500\" height=\"281\" src=\"https:\/\/www.youtube.com\/embed\/0B3RbsaP-LU?feature=oembed\" frameborder=\"0\" allow=\"accelerometer; autoplay; clipboard-write; encrypted-media; gyroscope; picture-in-picture; web-share\" referrerpolicy=\"strict-origin-when-cross-origin\" allowfullscreen><\/iframe>\n<\/div><\/figure>\n","protected":false},"excerpt":{"rendered":"<p>Hoje trago para voc\u00eas uma receita maravilhosa de alfajor que derrete na boca, o famoso alfajor de padaria. 1 e 1\/2 x\u00edcara (de ch\u00e1) de amido de milho (225g)3\/4 x\u00edcara de farinha (de ch\u00e1) de trigo (125g)1\/2 tablete de manteida s\/ sal (100g)5 colheres de (sopa) de a\u00e7\u00facar (100g)1 gema de ovo (20g)1\/2 colher de [&hellip;]<\/p>\n","protected":false},"author":2,"featured_media":4067,"comment_status":"open","ping_status":"open","sticky":false,"template":"","format":"standard","meta":{"footnotes":""},"categories":[18],"tags":[],"class_list":["post-4066","post","type-post","status-publish","format-standard","has-post-thumbnail","hentry","category-biscoitos"],"_links":{"self":[{"href":"https:\/\/confeitandocomcarinho.com.br\/index.php?rest_route=\/wp\/v2\/posts\/4066","targetHints":{"allow":["GET"]}}],"collection":[{"href":"https:\/\/confeitandocomcarinho.com.br\/index.php?rest_route=\/wp\/v2\/posts"}],"about":[{"href":"https:\/\/confeitandocomcarinho.com.br\/index.php?rest_route=\/wp\/v2\/types\/post"}],"author":[{"embeddable":true,"href":"https:\/\/confeitandocomcarinho.com.br\/index.php?rest_route=\/wp\/v2\/users\/2"}],"replies":[{"embeddable":true,"href":"https:\/\/confeitandocomcarinho.com.br\/index.php?rest_route=%2Fwp%2Fv2%2Fcomments&post=4066"}],"version-history":[{"count":0,"href":"https:\/\/confeitandocomcarinho.com.br\/index.php?rest_route=\/wp\/v2\/posts\/4066\/revisions"}],"wp:featuredmedia":[{"embeddable":true,"href":"https:\/\/confeitandocomcarinho.com.br\/index.php?rest_route=\/"}],"wp:attachment":[{"href":"https:\/\/confeitandocomcarinho.com.br\/index.php?rest_route=%2Fwp%2Fv2%2Fmedia&parent=4066"}],"wp:term":[{"taxonomy":"category","embeddable":true,"href":"https:\/\/confeitandocomcarinho.com.br\/index.php?rest_route=%2Fwp%2Fv2%2Fcategories&post=4066"},{"taxonomy":"post_tag","embeddable":true,"href":"https:\/\/confeitandocomcarinho.com.br\/index.php?rest_route=%2Fwp%2Fv2%2Ftags&post=4066"}],"curies":[{"name":"wp","href":"https:\/\/api.w.org\/{rel}","templated":true}]}}