{"id":4090,"date":"2020-04-01T14:43:21","date_gmt":"2020-04-01T17:43:21","guid":{"rendered":"http:\/\/confeitandocomcarinho.com.br\/site\/?p=4090"},"modified":"2020-04-01T14:43:21","modified_gmt":"2020-04-01T17:43:21","slug":"muffin-de-chocolate","status":"publish","type":"post","link":"https:\/\/confeitandocomcarinho.com.br\/?p=4090","title":{"rendered":"Muffin de chocolate"},"content":{"rendered":"\n<figure class=\"wp-block-embed-youtube wp-block-embed is-type-video is-provider-youtube wp-embed-aspect-16-9 wp-has-aspect-ratio\"><div class=\"wp-block-embed__wrapper\">\n<iframe loading=\"lazy\" title=\"Bolinho de chocolate - Culin\u00e1ria Kids #1\" width=\"500\" height=\"281\" src=\"https:\/\/www.youtube.com\/embed\/zwqQ6sDN1cQ?feature=oembed\" frameborder=\"0\" allow=\"accelerometer; autoplay; clipboard-write; encrypted-media; gyroscope; picture-in-picture; web-share\" referrerpolicy=\"strict-origin-when-cross-origin\" allowfullscreen><\/iframe>\n<\/div><\/figure>\n\n\n\n<p> Ol\u00e1 pessoal, para ajudar  nesse momento de reclus\u00e3o que estamos vivendo por conta do corona v\u00edrus, decidi gravar algumas aulas de culin\u00e1ria que fa\u00e7o com minha filha Stella. Esperamos incentivar o bom h\u00e1bito alimentar da crian\u00e7ada (n\u00e3o s\u00f3 da crian\u00e7ada rsrs..) e um entretenimento produtivo! <\/p>\n\n\n\n<p> Ingredientes: 1\/2 x\u00edcara de ch\u00e1 de \u00e1gua 1\/2 x\u00edcara de ch\u00e1 de \u00f3leo 3 ovos 3\/4 x\u00edcara de a\u00e7\u00facar 2 x\u00edcaras ch\u00e1 de farinha de trigo 1 beterraba m\u00e9dia 1\/4 x\u00edcara de cacau 1 colher (de sopa) de fermento em p\u00f3. <br><\/p>\n\n\n\n<p>Modo de preparo:<\/p>\n\n\n\n<p>Descascar e picar a beterraba.<\/p>\n\n\n\n<p>Em uma tigela acrescentar a farinha de trigo, cacau, fermento, mexer bem e reservar.<\/p>\n\n\n\n<p>No liquidificador acrescentar os ovos, \u00e1gua, \u00f3leo,a\u00e7\u00facar, beterraba picadinha e bater.<\/p>\n\n\n\n<p>Juntar a mistura do liquidificador na mistura da tigela, dispor em forminhas para muffins e levar ao forno pr\u00e9- aquecido em 180C\u00ba por 15 minutos.<\/p>\n\n\n\n<p><em><strong>Dicas da chef:<\/strong><\/em> Caso n\u00e3o tenha forminhas para muffins, pode utilizar uma forma de bolo mesmo. Fica \u00f3timo tamb\u00e9m como lanches em marmitas infantis ou lembrancinhas<\/p>\n","protected":false},"excerpt":{"rendered":"<p>Ol\u00e1 pessoal, para ajudar nesse momento de reclus\u00e3o que estamos vivendo por conta do corona v\u00edrus, decidi gravar algumas aulas de culin\u00e1ria que fa\u00e7o com minha filha Stella. Esperamos incentivar o bom h\u00e1bito alimentar da crian\u00e7ada (n\u00e3o s\u00f3 da crian\u00e7ada rsrs..) e um entretenimento produtivo! Ingredientes: 1\/2 x\u00edcara de ch\u00e1 de \u00e1gua 1\/2 x\u00edcara de [&hellip;]<\/p>\n","protected":false},"author":2,"featured_media":4094,"comment_status":"open","ping_status":"open","sticky":false,"template":"","format":"standard","meta":{"footnotes":""},"categories":[20,24],"tags":[],"class_list":["post-4090","post","type-post","status-publish","format-standard","has-post-thumbnail","hentry","category-bolos-e-tortas","category-fit-lowcarb-e-diet"],"_links":{"self":[{"href":"https:\/\/confeitandocomcarinho.com.br\/index.php?rest_route=\/wp\/v2\/posts\/4090","targetHints":{"allow":["GET"]}}],"collection":[{"href":"https:\/\/confeitandocomcarinho.com.br\/index.php?rest_route=\/wp\/v2\/posts"}],"about":[{"href":"https:\/\/confeitandocomcarinho.com.br\/index.php?rest_route=\/wp\/v2\/types\/post"}],"author":[{"embeddable":true,"href":"https:\/\/confeitandocomcarinho.com.br\/index.php?rest_route=\/wp\/v2\/users\/2"}],"replies":[{"embeddable":true,"href":"https:\/\/confeitandocomcarinho.com.br\/index.php?rest_route=%2Fwp%2Fv2%2Fcomments&post=4090"}],"version-history":[{"count":0,"href":"https:\/\/confeitandocomcarinho.com.br\/index.php?rest_route=\/wp\/v2\/posts\/4090\/revisions"}],"wp:featuredmedia":[{"embeddable":true,"href":"https:\/\/confeitandocomcarinho.com.br\/index.php?rest_route=\/"}],"wp:attachment":[{"href":"https:\/\/confeitandocomcarinho.com.br\/index.php?rest_route=%2Fwp%2Fv2%2Fmedia&parent=4090"}],"wp:term":[{"taxonomy":"category","embeddable":true,"href":"https:\/\/confeitandocomcarinho.com.br\/index.php?rest_route=%2Fwp%2Fv2%2Fcategories&post=4090"},{"taxonomy":"post_tag","embeddable":true,"href":"https:\/\/confeitandocomcarinho.com.br\/index.php?rest_route=%2Fwp%2Fv2%2Ftags&post=4090"}],"curies":[{"name":"wp","href":"https:\/\/api.w.org\/{rel}","templated":true}]}}