{"id":4129,"date":"2020-05-07T18:56:55","date_gmt":"2020-05-07T21:56:55","guid":{"rendered":"http:\/\/confeitandocomcarinho.com.br\/site\/?p=4129"},"modified":"2020-05-07T18:56:55","modified_gmt":"2020-05-07T21:56:55","slug":"delicia-de-abacaxi","status":"publish","type":"post","link":"https:\/\/confeitandocomcarinho.com.br\/?p=4129","title":{"rendered":"Delicia de Abacaxi"},"content":{"rendered":"\n<p>Ol\u00e1 pessoal, conforme eu falei no v\u00eddeo passado sobre emagrecimento eu vou come\u00e7ar a postar receitas reduzidas em a\u00e7\u00facar tornando sua reeduca\u00e7\u00e3o alimentar super f\u00e1cil e prazerosa, voc\u00ea n\u00e3o precisa abrir m\u00e3o de comer tudo que gosta, apenas precisa se propor a cozinhar com suas pr\u00f3prias m\u00e3os e de forma diferente. Para isso vou lhe ajudar nessa jornada! Hoje a receita \u00e9 super tradicional uma Del\u00edcia de abacaxi ou tamb\u00e9m como muitos conhecem \u00e9 o Gelado de abacaxi na proposta do dia das m\u00e3es. <\/p>\n\n\n\n<p> Ingredientes Calda de abacaxi: <\/p>\n\n\n\n<p>2 abacaxis bem maduros <\/p>\n\n\n\n<p>1\/2 x\u00edcara de \u00e1gua<\/p>\n\n\n\n<p> 5 colheres (de sopa) de a\u00e7\u00facar <\/p>\n\n\n\n<p>3 an\u00eds estrelados <\/p>\n\n\n\n<p>Modo de preparo:<\/p>\n\n\n\n<p>Descasque e corte o abacaxi em cubos retirando o miolo, em uma panela acrescente tods ingredientes e leve a panela ao fogo baixo semi tampada por aproximadamente 15 minutos ou at\u00e9 que esteja bem macio. Reseve.<\/p>\n\n\n\n<p>Creme: <\/p>\n\n\n\n<p>1 litro de leite <\/p>\n\n\n\n<p>3 gemas<\/p>\n\n\n\n<p> 1 colher (de ch\u00e1) de extratato de baunilha <\/p>\n\n\n\n<p>5 colheres (de sopa) de a\u00e7\u00facar<\/p>\n\n\n\n<p>Modo de preparo:<\/p>\n\n\n\n<p>Separe um pouco de leitee dissolva o amido de milho.<\/p>\n\n\n\n<p>Acrescente todo os ingredientes na panela juntamente com amido dissolvido e leve ao forno at\u00e9 engrossar.<\/p>\n\n\n\n<p> Suspiro: <\/p>\n\n\n\n<p>3 claras de ovo <\/p>\n\n\n\n<p>3 colheres de a\u00e7\u00facar <\/p>\n\n\n\n<p>Modo de preparo: <\/p>\n\n\n\n<p>Em uma batedeira adicione todos ingredientes e bata at\u00e9 o ponto de picos firmes.<\/p>\n\n\n\n<p>Modo de preparo para Montagem:<\/p>\n\n\n\n<p>acrecente o abaxi, desprezando a calda no creme e disponha em uma travessa de vidro que possa levar ao fogo.<\/p>\n\n\n\n<p>Acrescente o supiro por cima e leve ao forno pr\u00e9-aquecido 180C\u00ba por aproximadamente 20 minutos ou at\u00e9 dourar.<\/p>\n\n\n\n<p>Mantenha em geladeira at\u00e9 a hora de servir.<\/p>\n\n\n\n<p><\/p>\n\n\n\n<p><\/p>\n\n\n\n<p><\/p>\n\n\n\n<figure class=\"wp-block-embed-youtube wp-block-embed is-type-video is-provider-youtube wp-embed-aspect-16-9 wp-has-aspect-ratio\"><div class=\"wp-block-embed__wrapper\">\n<iframe loading=\"lazy\" title=\"Del\u00edcia de Abacaxi - DIA DAS M\u00c3ES - (uma sobremesa cremosa refrescante e que leva pouco a\u00e7\u00facar).\" width=\"500\" height=\"281\" src=\"https:\/\/www.youtube.com\/embed\/xuqGpKbZnno?feature=oembed\" frameborder=\"0\" allow=\"accelerometer; autoplay; clipboard-write; encrypted-media; gyroscope; picture-in-picture; web-share\" referrerpolicy=\"strict-origin-when-cross-origin\" allowfullscreen><\/iframe>\n<\/div><\/figure>\n","protected":false},"excerpt":{"rendered":"<p>Ol\u00e1 pessoal, conforme eu falei no v\u00eddeo passado sobre emagrecimento eu vou come\u00e7ar a postar receitas reduzidas em a\u00e7\u00facar tornando sua reeduca\u00e7\u00e3o alimentar super f\u00e1cil e prazerosa, voc\u00ea n\u00e3o precisa abrir m\u00e3o de comer tudo que gosta, apenas precisa se propor a cozinhar com suas pr\u00f3prias m\u00e3os e de forma diferente. Para isso vou lhe [&hellip;]<\/p>\n","protected":false},"author":2,"featured_media":4130,"comment_status":"open","ping_status":"open","sticky":false,"template":"","format":"standard","meta":{"footnotes":""},"categories":[23,24],"tags":[],"class_list":["post-4129","post","type-post","status-publish","format-standard","has-post-thumbnail","hentry","category-doces-e-sobremesas","category-fit-lowcarb-e-diet"],"_links":{"self":[{"href":"https:\/\/confeitandocomcarinho.com.br\/index.php?rest_route=\/wp\/v2\/posts\/4129","targetHints":{"allow":["GET"]}}],"collection":[{"href":"https:\/\/confeitandocomcarinho.com.br\/index.php?rest_route=\/wp\/v2\/posts"}],"about":[{"href":"https:\/\/confeitandocomcarinho.com.br\/index.php?rest_route=\/wp\/v2\/types\/post"}],"author":[{"embeddable":true,"href":"https:\/\/confeitandocomcarinho.com.br\/index.php?rest_route=\/wp\/v2\/users\/2"}],"replies":[{"embeddable":true,"href":"https:\/\/confeitandocomcarinho.com.br\/index.php?rest_route=%2Fwp%2Fv2%2Fcomments&post=4129"}],"version-history":[{"count":0,"href":"https:\/\/confeitandocomcarinho.com.br\/index.php?rest_route=\/wp\/v2\/posts\/4129\/revisions"}],"wp:featuredmedia":[{"embeddable":true,"href":"https:\/\/confeitandocomcarinho.com.br\/index.php?rest_route=\/"}],"wp:attachment":[{"href":"https:\/\/confeitandocomcarinho.com.br\/index.php?rest_route=%2Fwp%2Fv2%2Fmedia&parent=4129"}],"wp:term":[{"taxonomy":"category","embeddable":true,"href":"https:\/\/confeitandocomcarinho.com.br\/index.php?rest_route=%2Fwp%2Fv2%2Fcategories&post=4129"},{"taxonomy":"post_tag","embeddable":true,"href":"https:\/\/confeitandocomcarinho.com.br\/index.php?rest_route=%2Fwp%2Fv2%2Ftags&post=4129"}],"curies":[{"name":"wp","href":"https:\/\/api.w.org\/{rel}","templated":true}]}}