{"id":4137,"date":"2020-05-15T12:09:34","date_gmt":"2020-05-15T15:09:34","guid":{"rendered":"http:\/\/confeitandocomcarinho.com.br\/site\/?p=4137"},"modified":"2020-05-15T12:09:34","modified_gmt":"2020-05-15T15:09:34","slug":"como-fazer-pao-de-forma-super-facil-e-economico","status":"publish","type":"post","link":"https:\/\/confeitandocomcarinho.com.br\/?p=4137","title":{"rendered":"Como Fazer Pao de Forma &#8211; Super Facil e Economico"},"content":{"rendered":"\n<p>Ol\u00e1 pessoal, hoje eu trago uma receita que est\u00e1 sendo muito solicitada por conta dessa pandemia, o p\u00e3o caseiro! Vou ensinar um p\u00e3o de forma f\u00e1cil de fazer super econ\u00f4mico pois n\u00e3o leva ovos nem leite, espero que gostem!<\/p>\n\n\n\n<p> Ingredientes: <\/p>\n\n\n\n<p>4 x\u00edcaras (de ch\u00e1) farinha de trigo<\/p>\n\n\n\n<p> 1 e 1\/3 de x\u00edcara (de ch\u00e1) de \u00e1gua <\/p>\n\n\n\n<p>1 colher (de sopa) de fermento biol\u00f3gico <\/p>\n\n\n\n<p>3 colheres de sopa de \u00f3leo<\/p>\n\n\n\n<p> 2 colheres (de sopa) de a\u00e7\u00facar <\/p>\n\n\n\n<p>1\/2 (colher de sopa) de sal<\/p>\n\n\n\n<p>Modo de Preparo:<\/p>\n\n\n\n<p>Em uma tigela coloque a \u00e1gua, sal, a\u00e7\u00facar, fermento e o \u00f3leo.<\/p>\n\n\n\n<p>Misture e acrescente a farinha. <\/p>\n\n\n\n<p>Sove por 5 minutos e deixe descan\u00e7ar coberto com pano de prato por 20 minutos.<\/p>\n\n\n\n<p>Retire a massa da tigela e sove novamente por 5 minutos e deixe crescer por 1 hora e 30 minutos cobero cm pano de prato.<\/p>\n\n\n\n<p>Retire a massa da tigela, modele o p\u00e3o na forma untada com \u00f3leo e deixe novamente dobrar de volume por cerca de 1 hora e 30 minutos.<\/p>\n\n\n\n<p>Assim que cresceu levar ao forno pr\u00e9 -aquecido 180C\u00ba por aproximadamente 40 minutos.<\/p>\n\n\n\n<figure class=\"wp-block-embed-youtube wp-block-embed is-type-video is-provider-youtube wp-embed-aspect-16-9 wp-has-aspect-ratio\"><div class=\"wp-block-embed__wrapper\">\n<iframe loading=\"lazy\" title=\"Como fazer p\u00e3o de forma - sem ovo e  sem leite (Vegano)\" width=\"500\" height=\"281\" src=\"https:\/\/www.youtube.com\/embed\/s3I0fGshi0c?feature=oembed\" frameborder=\"0\" allow=\"accelerometer; autoplay; clipboard-write; encrypted-media; gyroscope; picture-in-picture; web-share\" referrerpolicy=\"strict-origin-when-cross-origin\" allowfullscreen><\/iframe>\n<\/div><\/figure>\n","protected":false},"excerpt":{"rendered":"<p>Ol\u00e1 pessoal, hoje eu trago uma receita que est\u00e1 sendo muito solicitada por conta dessa pandemia, o p\u00e3o caseiro! Vou ensinar um p\u00e3o de forma f\u00e1cil de fazer super econ\u00f4mico pois n\u00e3o leva ovos nem leite, espero que gostem! Ingredientes: 4 x\u00edcaras (de ch\u00e1) farinha de trigo 1 e 1\/3 de x\u00edcara (de ch\u00e1) de [&hellip;]<\/p>\n","protected":false},"author":2,"featured_media":4138,"comment_status":"open","ping_status":"open","sticky":false,"template":"","format":"standard","meta":{"footnotes":""},"categories":[1],"tags":[47],"class_list":["post-4137","post","type-post","status-publish","format-standard","has-post-thumbnail","hentry","category-blog","tag-pao"],"_links":{"self":[{"href":"https:\/\/confeitandocomcarinho.com.br\/index.php?rest_route=\/wp\/v2\/posts\/4137","targetHints":{"allow":["GET"]}}],"collection":[{"href":"https:\/\/confeitandocomcarinho.com.br\/index.php?rest_route=\/wp\/v2\/posts"}],"about":[{"href":"https:\/\/confeitandocomcarinho.com.br\/index.php?rest_route=\/wp\/v2\/types\/post"}],"author":[{"embeddable":true,"href":"https:\/\/confeitandocomcarinho.com.br\/index.php?rest_route=\/wp\/v2\/users\/2"}],"replies":[{"embeddable":true,"href":"https:\/\/confeitandocomcarinho.com.br\/index.php?rest_route=%2Fwp%2Fv2%2Fcomments&post=4137"}],"version-history":[{"count":0,"href":"https:\/\/confeitandocomcarinho.com.br\/index.php?rest_route=\/wp\/v2\/posts\/4137\/revisions"}],"wp:featuredmedia":[{"embeddable":true,"href":"https:\/\/confeitandocomcarinho.com.br\/index.php?rest_route=\/"}],"wp:attachment":[{"href":"https:\/\/confeitandocomcarinho.com.br\/index.php?rest_route=%2Fwp%2Fv2%2Fmedia&parent=4137"}],"wp:term":[{"taxonomy":"category","embeddable":true,"href":"https:\/\/confeitandocomcarinho.com.br\/index.php?rest_route=%2Fwp%2Fv2%2Fcategories&post=4137"},{"taxonomy":"post_tag","embeddable":true,"href":"https:\/\/confeitandocomcarinho.com.br\/index.php?rest_route=%2Fwp%2Fv2%2Ftags&post=4137"}],"curies":[{"name":"wp","href":"https:\/\/api.w.org\/{rel}","templated":true}]}}