{"id":4149,"date":"2020-06-04T08:59:53","date_gmt":"2020-06-04T11:59:53","guid":{"rendered":"http:\/\/confeitandocomcarinho.com.br\/site\/?p=4149"},"modified":"2020-06-04T08:59:53","modified_gmt":"2020-06-04T11:59:53","slug":"panqueca-americana","status":"publish","type":"post","link":"https:\/\/confeitandocomcarinho.com.br\/?p=4149","title":{"rendered":"Panqueca americana"},"content":{"rendered":"\n<p>Que tal preparar essas delicias de panquecas super fofinhas para seu caf\u00e9 da manha?<\/p>\n\n\n\n<p> Lhe garanto que ir\u00e1 adorar pois s\u00e3o f\u00e1ceis e r\u00e1pidas de preparar&#8230; <\/p>\n\n\n\n<p>Parece muito com aqueles bolos super amanteigados de cafeteria chique, s\u00f3 que na frigideira d\u00e1 para acreditar?<\/p>\n\n\n\n<p> Fa\u00e7am que eu tenho certeza que voc\u00ea vai amar!<\/p>\n\n\n\n<p>  lista de ingredientes:<\/p>\n\n\n\n<p> Massa: 2 ovos <\/p>\n\n\n\n<p>1 x\u00edcara (de ch\u00e1) de leite <\/p>\n\n\n\n<p>2 colheres de sopa de a\u00e7\u00facar <\/p>\n\n\n\n<p>Raspas de 1 lim\u00e3o<\/p>\n\n\n\n<p>2 colheres (de sopa) de manteiga <\/p>\n\n\n\n<p>1 e 1\/4 de x\u00edcara (de ch\u00e1) de farinha de trigo <\/p>\n\n\n\n<p>1\/2 colher de fermento em p\u00f3<\/p>\n\n\n\n<p>Modo de Peraro:<\/p>\n\n\n\n<p>Em uma tigela misture todos ingredientes da massa, leve para fritar em uma frigideira anti- aderente de prefer\u00eancia untada com manteiga, disponha as massinhas com ajuda de uma concha.<\/p>\n\n\n\n<p>Para cobertura use e abuse das frutas, mel, gel\u00e9ias creme de avel\u00e3, de amendoim e etc..<\/p>\n\n\n\n<figure class=\"wp-block-embed-youtube wp-block-embed is-type-video is-provider-youtube wp-embed-aspect-16-9 wp-has-aspect-ratio\"><div class=\"wp-block-embed__wrapper\">\n<iframe loading=\"lazy\" title=\"Como fazer panqueca americana - Super Fofinhas - R\u00e1pido e F\u00e1cil\" width=\"500\" height=\"281\" src=\"https:\/\/www.youtube.com\/embed\/2KaQmpsZGTs?feature=oembed\" frameborder=\"0\" allow=\"accelerometer; autoplay; clipboard-write; encrypted-media; gyroscope; picture-in-picture; web-share\" referrerpolicy=\"strict-origin-when-cross-origin\" allowfullscreen><\/iframe>\n<\/div><\/figure>\n","protected":false},"excerpt":{"rendered":"<p>Que tal preparar essas delicias de panquecas super fofinhas para seu caf\u00e9 da manha? Lhe garanto que ir\u00e1 adorar pois s\u00e3o f\u00e1ceis e r\u00e1pidas de preparar&#8230; Parece muito com aqueles bolos super amanteigados de cafeteria chique, s\u00f3 que na frigideira d\u00e1 para acreditar? Fa\u00e7am que eu tenho certeza que voc\u00ea vai amar! lista de ingredientes: [&hellip;]<\/p>\n","protected":false},"author":2,"featured_media":4151,"comment_status":"open","ping_status":"open","sticky":false,"template":"","format":"standard","meta":{"footnotes":""},"categories":[1],"tags":[],"class_list":["post-4149","post","type-post","status-publish","format-standard","has-post-thumbnail","hentry","category-blog"],"_links":{"self":[{"href":"https:\/\/confeitandocomcarinho.com.br\/index.php?rest_route=\/wp\/v2\/posts\/4149","targetHints":{"allow":["GET"]}}],"collection":[{"href":"https:\/\/confeitandocomcarinho.com.br\/index.php?rest_route=\/wp\/v2\/posts"}],"about":[{"href":"https:\/\/confeitandocomcarinho.com.br\/index.php?rest_route=\/wp\/v2\/types\/post"}],"author":[{"embeddable":true,"href":"https:\/\/confeitandocomcarinho.com.br\/index.php?rest_route=\/wp\/v2\/users\/2"}],"replies":[{"embeddable":true,"href":"https:\/\/confeitandocomcarinho.com.br\/index.php?rest_route=%2Fwp%2Fv2%2Fcomments&post=4149"}],"version-history":[{"count":0,"href":"https:\/\/confeitandocomcarinho.com.br\/index.php?rest_route=\/wp\/v2\/posts\/4149\/revisions"}],"wp:featuredmedia":[{"embeddable":true,"href":"https:\/\/confeitandocomcarinho.com.br\/index.php?rest_route=\/"}],"wp:attachment":[{"href":"https:\/\/confeitandocomcarinho.com.br\/index.php?rest_route=%2Fwp%2Fv2%2Fmedia&parent=4149"}],"wp:term":[{"taxonomy":"category","embeddable":true,"href":"https:\/\/confeitandocomcarinho.com.br\/index.php?rest_route=%2Fwp%2Fv2%2Fcategories&post=4149"},{"taxonomy":"post_tag","embeddable":true,"href":"https:\/\/confeitandocomcarinho.com.br\/index.php?rest_route=%2Fwp%2Fv2%2Ftags&post=4149"}],"curies":[{"name":"wp","href":"https:\/\/api.w.org\/{rel}","templated":true}]}}