{"id":4154,"date":"2020-06-09T18:06:30","date_gmt":"2020-06-09T21:06:30","guid":{"rendered":"http:\/\/confeitandocomcarinho.com.br\/site\/?p=4154"},"modified":"2020-06-09T18:06:30","modified_gmt":"2020-06-09T21:06:30","slug":"quibe-com-quinoa","status":"publish","type":"post","link":"https:\/\/confeitandocomcarinho.com.br\/?p=4154","title":{"rendered":"Quibe com Quinoa"},"content":{"rendered":"\n<p>Ol\u00e1 pessoal, hoje eu e minha filha Stella estamos trazendo uma receita de quibe feito com quinoa, portanto sem glut\u00e9n e muito nutritivo para incentivar bons h\u00e1bitos alimentares da crian\u00e7ada e de sua fam\u00edlia. E para quem vende ou faz festa para fora esse salgadinho sem gl\u00faten \u00e9 uma \u00f3tima op\u00e7\u00e3o para festa saud\u00e1vel  :<\/p>\n\n\n\n<p>Ingredientes:<\/p>\n\n\n\n<p> 400g de carne mo\u00edda<\/p>\n\n\n\n<p> 1 ma\u00e7o de hotel\u00e3 <\/p>\n\n\n\n<p>1 x\u00edcara (de ch\u00e1) de quinoa cozida ( 1\/2 x\u00edcara ap\u00f3s o cozimento render\u00e1 1 x\u00edcara de quinoa) <\/p>\n\n\n\n<p>8 colheres (de sopa) de farelo de aveia <\/p>\n\n\n\n<p>suco de 1 lim\u00e3o <\/p>\n\n\n\n<p>1 colher (de caf\u00e9) de sal <\/p>\n\n\n\n<p>1 (colher de sobremesa) de tempero s\u00edrio <\/p>\n\n\n\n<p>Modo de preparo:<\/p>\n\n\n\n<p>Lave e escorra a quinoa, leve em uma panela ao fogo at\u00e9 secar bem. Em seguida acrescente 1e 1\/2 x\u00edcara de \u00e1gua e deixe cozinhar com a tampa semi-aberta. Ap\u00f3s secar toda a \u00e1gua deslique o fogo, tampe e deixe repousar por 10 minutos antes de utilizar.<\/p>\n\n\n\n<p>Em uma tigela acrescente todos ingredientes , juntamente com a quinoa cozida e modele os quibes. leve ao forno pr\u00e9- aquecido em 180C\u00ba por aproximadamente 25 minutos.<\/p>\n\n\n\n<figure class=\"wp-block-embed-youtube wp-block-embed is-type-video is-provider-youtube wp-embed-aspect-16-9 wp-has-aspect-ratio\"><div class=\"wp-block-embed__wrapper\">\n<iframe loading=\"lazy\" title=\"QUIBE SEM GL\u00daTEN - festa saud\u00e1vel - Culin\u00e1ria Kids #6\" width=\"500\" height=\"281\" src=\"https:\/\/www.youtube.com\/embed\/RaQj123iZCs?feature=oembed\" frameborder=\"0\" allow=\"accelerometer; autoplay; clipboard-write; encrypted-media; gyroscope; picture-in-picture; web-share\" referrerpolicy=\"strict-origin-when-cross-origin\" allowfullscreen><\/iframe>\n<\/div><\/figure>\n","protected":false},"excerpt":{"rendered":"<p>Ol\u00e1 pessoal, hoje eu e minha filha Stella estamos trazendo uma receita de quibe feito com quinoa, portanto sem glut\u00e9n e muito nutritivo para incentivar bons h\u00e1bitos alimentares da crian\u00e7ada e de sua fam\u00edlia. E para quem vende ou faz festa para fora esse salgadinho sem gl\u00faten \u00e9 uma \u00f3tima op\u00e7\u00e3o para festa saud\u00e1vel : [&hellip;]<\/p>\n","protected":false},"author":2,"featured_media":4155,"comment_status":"open","ping_status":"open","sticky":false,"template":"","format":"standard","meta":{"footnotes":""},"categories":[1],"tags":[],"class_list":["post-4154","post","type-post","status-publish","format-standard","has-post-thumbnail","hentry","category-blog"],"_links":{"self":[{"href":"https:\/\/confeitandocomcarinho.com.br\/index.php?rest_route=\/wp\/v2\/posts\/4154","targetHints":{"allow":["GET"]}}],"collection":[{"href":"https:\/\/confeitandocomcarinho.com.br\/index.php?rest_route=\/wp\/v2\/posts"}],"about":[{"href":"https:\/\/confeitandocomcarinho.com.br\/index.php?rest_route=\/wp\/v2\/types\/post"}],"author":[{"embeddable":true,"href":"https:\/\/confeitandocomcarinho.com.br\/index.php?rest_route=\/wp\/v2\/users\/2"}],"replies":[{"embeddable":true,"href":"https:\/\/confeitandocomcarinho.com.br\/index.php?rest_route=%2Fwp%2Fv2%2Fcomments&post=4154"}],"version-history":[{"count":0,"href":"https:\/\/confeitandocomcarinho.com.br\/index.php?rest_route=\/wp\/v2\/posts\/4154\/revisions"}],"wp:featuredmedia":[{"embeddable":true,"href":"https:\/\/confeitandocomcarinho.com.br\/index.php?rest_route=\/"}],"wp:attachment":[{"href":"https:\/\/confeitandocomcarinho.com.br\/index.php?rest_route=%2Fwp%2Fv2%2Fmedia&parent=4154"}],"wp:term":[{"taxonomy":"category","embeddable":true,"href":"https:\/\/confeitandocomcarinho.com.br\/index.php?rest_route=%2Fwp%2Fv2%2Fcategories&post=4154"},{"taxonomy":"post_tag","embeddable":true,"href":"https:\/\/confeitandocomcarinho.com.br\/index.php?rest_route=%2Fwp%2Fv2%2Ftags&post=4154"}],"curies":[{"name":"wp","href":"https:\/\/api.w.org\/{rel}","templated":true}]}}