{"id":4220,"date":"2020-09-08T20:05:22","date_gmt":"2020-09-08T23:05:22","guid":{"rendered":"http:\/\/confeitandocomcarinho.com.br\/site\/?p=4220"},"modified":"2020-09-08T20:05:22","modified_gmt":"2020-09-08T23:05:22","slug":"frango-com-legumes","status":"publish","type":"post","link":"https:\/\/confeitandocomcarinho.com.br\/?p=4220","title":{"rendered":"Frango com Legumes"},"content":{"rendered":"\n<p>Ol\u00e1 leitor, hoje trago uma op\u00e7\u00e3o de frango super pr\u00e1tica e deliciosa para voc\u00ea. <br>Um frango com legumes ao estilo oriental muito saud\u00e1vel bem no estilo comida de verdade sabe?<br> Espero que voc\u00eas gostem!<\/p>\n\n\n\n<figure class=\"wp-block-embed-youtube wp-block-embed is-type-video is-provider-youtube wp-embed-aspect-16-9 wp-has-aspect-ratio\"><div class=\"wp-block-embed__wrapper\">\n<iframe loading=\"lazy\" title=\"Frango com legumes\" width=\"500\" height=\"281\" src=\"https:\/\/www.youtube.com\/embed\/3H1U0F9xk_Q?feature=oembed\" frameborder=\"0\" allow=\"accelerometer; autoplay; clipboard-write; encrypted-media; gyroscope; picture-in-picture; web-share\" referrerpolicy=\"strict-origin-when-cross-origin\" allowfullscreen><\/iframe>\n<\/div><\/figure>\n\n\n\n<p><strong> Ingredientes: <\/strong><br>1 quilo de fil\u00e9 de frango <br>2 x\u00edcaras (de ch\u00e1) de repolho fatiado <br>3 piment\u00f5es de cores variadas em cubos <br>1 cenoura fatiada <br>2 cebolas cortadas em cubos<br>3 colheres (de sopa) de \u00f3leo <br>1\/2 colher de alho picado <br>1 colher (de sopa) de gengibre ralado <br>4 colheres( de sopa) de molho de soja<br>2 colheres de farelo de aveia Gergelim e cebolinha para finalizar. <\/p>\n\n\n\n<p><strong>Para o modo de preparo:<\/strong><br>Em uma panela aque\u00e7a o \u00f3leo, acrescente o alho e gemgibre e deixe dourar.<br>Em seguida  acrescente o frango e deixe refogar, ap\u00f3s acrescente o molho de soja , os piment\u00f5es e cenoura, deixe cozinhar por aproximadamente 10 minutos ou at\u00e9 ficarem macios. <br>Ap\u00f3s  acrescente o repolho e a cebola e deixe cozinhar por mais 2 ou 3 minutos e desligue o fogo.<br>Finalize o prato com gergelim torrado e cebolinha picada.<\/p>\n","protected":false},"excerpt":{"rendered":"<p>Ol\u00e1 leitor, hoje trago uma op\u00e7\u00e3o de frango super pr\u00e1tica e deliciosa para voc\u00ea. Um frango com legumes ao estilo oriental muito saud\u00e1vel bem no estilo comida de verdade sabe? Espero que voc\u00eas gostem! Ingredientes: 1 quilo de fil\u00e9 de frango 2 x\u00edcaras (de ch\u00e1) de repolho fatiado 3 piment\u00f5es de cores variadas em cubos [&hellip;]<\/p>\n","protected":false},"author":2,"featured_media":4221,"comment_status":"open","ping_status":"open","sticky":false,"template":"","format":"standard","meta":{"footnotes":""},"categories":[21],"tags":[],"class_list":["post-4220","post","type-post","status-publish","format-standard","has-post-thumbnail","hentry","category-carnes-e-aves"],"_links":{"self":[{"href":"https:\/\/confeitandocomcarinho.com.br\/index.php?rest_route=\/wp\/v2\/posts\/4220","targetHints":{"allow":["GET"]}}],"collection":[{"href":"https:\/\/confeitandocomcarinho.com.br\/index.php?rest_route=\/wp\/v2\/posts"}],"about":[{"href":"https:\/\/confeitandocomcarinho.com.br\/index.php?rest_route=\/wp\/v2\/types\/post"}],"author":[{"embeddable":true,"href":"https:\/\/confeitandocomcarinho.com.br\/index.php?rest_route=\/wp\/v2\/users\/2"}],"replies":[{"embeddable":true,"href":"https:\/\/confeitandocomcarinho.com.br\/index.php?rest_route=%2Fwp%2Fv2%2Fcomments&post=4220"}],"version-history":[{"count":0,"href":"https:\/\/confeitandocomcarinho.com.br\/index.php?rest_route=\/wp\/v2\/posts\/4220\/revisions"}],"wp:featuredmedia":[{"embeddable":true,"href":"https:\/\/confeitandocomcarinho.com.br\/index.php?rest_route=\/"}],"wp:attachment":[{"href":"https:\/\/confeitandocomcarinho.com.br\/index.php?rest_route=%2Fwp%2Fv2%2Fmedia&parent=4220"}],"wp:term":[{"taxonomy":"category","embeddable":true,"href":"https:\/\/confeitandocomcarinho.com.br\/index.php?rest_route=%2Fwp%2Fv2%2Fcategories&post=4220"},{"taxonomy":"post_tag","embeddable":true,"href":"https:\/\/confeitandocomcarinho.com.br\/index.php?rest_route=%2Fwp%2Fv2%2Ftags&post=4220"}],"curies":[{"name":"wp","href":"https:\/\/api.w.org\/{rel}","templated":true}]}}