{"id":4296,"date":"2020-11-11T15:48:12","date_gmt":"2020-11-11T18:48:12","guid":{"rendered":"http:\/\/confeitandocomcarinho.com.br\/site\/?p=4296"},"modified":"2020-11-11T15:48:12","modified_gmt":"2020-11-11T18:48:12","slug":"pao-sem-queijo-vegano-sem-leite-sem-ovo-sem-gluten","status":"publish","type":"post","link":"https:\/\/confeitandocomcarinho.com.br\/?p=4296","title":{"rendered":"Pao sem queijo &#8211; vegano (sem leite sem ovo sem gluten)"},"content":{"rendered":"\n<figure class=\"wp-block-embed-youtube wp-block-embed is-type-video is-provider-youtube wp-embed-aspect-16-9 wp-has-aspect-ratio\"><div class=\"wp-block-embed__wrapper\">\n<iframe loading=\"lazy\" title=\"COMO FAZER P\u00c3O SEM QUEIJO ( VEGANO, FUNCIONAL, INCLUSIVO) - SEM LEITE SEM OVOS SEM GL\u00daTEN.\" width=\"500\" height=\"281\" src=\"https:\/\/www.youtube.com\/embed\/zhDRUyAfGGg?feature=oembed\" frameborder=\"0\" allow=\"accelerometer; autoplay; clipboard-write; encrypted-media; gyroscope; picture-in-picture; web-share\" referrerpolicy=\"strict-origin-when-cross-origin\" allowfullscreen><\/iframe>\n<\/div><\/figure>\n\n\n\n<p>Ol\u00e1 leitores (as) hoje vou compartilhar com voc\u00eas uma excelente receita de p\u00e3o de queijo sem queijo indicado para veganos, intolerantes ou al\u00e9rgicos \u00e9 tamb\u00e9m funcional que atende a toda fam\u00edlia e todas idades , para comer saudav\u00e9l. <br>Essa receita \u00e9 \u00f3tima para um lanche da tarde ou para levar para escola, trabalho, piquenique mas tamb\u00e9m \u00e9 um fa\u00e7a e venda maravilhoso, podendo ser congelada por at\u00e9 3 meses.<br><br><strong>Ingrediestes:<\/strong><br>150ml de \u00e1gua ( 1\/2 x\u00edcara de ch\u00e1 +3 colheres de sopa)<br> 40ml de \u00f3leo (4 colheres de sopa)<br> 120g de polvilho doce (1 x\u00edcara de ch\u00e1)<br> 150g de polvilho azedo (1 x\u00edcara de ch\u00e1) <br>10g de sal (1 colher de sopa)<br> 200g de inhame espremido (1 x\u00edcara de ch\u00e1) <br>10g de levedura nutricional (1 colher de sopa) <br>1g de alho em p\u00f3 (1\/2 colher de ch\u00e1) <br>1g de fuma\u00e7a em p\u00f3 (1\/2 colher de ch\u00e1)<br> 6g de farinha de linha\u00e7a dourada (1 colher de sopa) <br><strong><br>Modo de preparo:<\/strong><br>Descasque os inhames, cubra com \u00e1gua, esprema meio lim\u00e3o na \u00e1gua e deixe de molho por 8 horas.<br>Passado esse tempo lave e escorra os inhames.<br>Leve os inhames para cozinhar em uma panela sem tampar por aproximadamente 20 minutos ou at\u00e9 ficarem macios.<br>Amasse com ajuda de um garfo ou espremedor.<br>Em uma panela coloque a \u00e1gua juntamente com o \u00f3leo e leve ao fogo at\u00e9 abrir fervura.<br>Enquanto a \u00e1gua ferve em uma tigela acrescente todos os secos os polvilhos, sal, fuma\u00e7a, alho em p\u00f3, linha\u00e7a e a  levedura nutricional.<br>Assim que a \u00e1gua abrir fervura desligue o fogo e acrescente a mistura dos secos com ajuda de uma colher para n\u00e3o se queimar.<br>Mexa at\u00e9 virar uma esp\u00e9cie de farofinha.<br>Em seguida acrescente o inhame espremido e com a m\u00e3o sove a massa at\u00e9 ficar uma mistura bem homog\u00eanea e lisinha.<br>Fa\u00e7a bolinha de aproximadamente 25 gramas e asse em forno pr\u00e9-aquecido 200C\u00ba por 20 minutos ou t\u00e9 que estejam dourados.<br>Sirva ainda quente.<br><br>Rendimento: 30 unidades de 25g aproximadamente <br>Validade: 3 dias<\/p>\n","protected":false},"excerpt":{"rendered":"<p>Ol\u00e1 leitores (as) hoje vou compartilhar com voc\u00eas uma excelente receita de p\u00e3o de queijo sem queijo indicado para veganos, intolerantes ou al\u00e9rgicos \u00e9 tamb\u00e9m funcional que atende a toda fam\u00edlia e todas idades , para comer saudav\u00e9l. Essa receita \u00e9 \u00f3tima para um lanche da tarde ou para levar para escola, trabalho, piquenique mas [&hellip;]<\/p>\n","protected":false},"author":2,"featured_media":4297,"comment_status":"open","ping_status":"open","sticky":false,"template":"","format":"standard","meta":{"footnotes":""},"categories":[24,29,37],"tags":[],"class_list":["post-4296","post","type-post","status-publish","format-standard","has-post-thumbnail","hentry","category-fit-lowcarb-e-diet","category-paes-e-lanches","category-vegano"],"_links":{"self":[{"href":"https:\/\/confeitandocomcarinho.com.br\/index.php?rest_route=\/wp\/v2\/posts\/4296","targetHints":{"allow":["GET"]}}],"collection":[{"href":"https:\/\/confeitandocomcarinho.com.br\/index.php?rest_route=\/wp\/v2\/posts"}],"about":[{"href":"https:\/\/confeitandocomcarinho.com.br\/index.php?rest_route=\/wp\/v2\/types\/post"}],"author":[{"embeddable":true,"href":"https:\/\/confeitandocomcarinho.com.br\/index.php?rest_route=\/wp\/v2\/users\/2"}],"replies":[{"embeddable":true,"href":"https:\/\/confeitandocomcarinho.com.br\/index.php?rest_route=%2Fwp%2Fv2%2Fcomments&post=4296"}],"version-history":[{"count":0,"href":"https:\/\/confeitandocomcarinho.com.br\/index.php?rest_route=\/wp\/v2\/posts\/4296\/revisions"}],"wp:featuredmedia":[{"embeddable":true,"href":"https:\/\/confeitandocomcarinho.com.br\/index.php?rest_route=\/"}],"wp:attachment":[{"href":"https:\/\/confeitandocomcarinho.com.br\/index.php?rest_route=%2Fwp%2Fv2%2Fmedia&parent=4296"}],"wp:term":[{"taxonomy":"category","embeddable":true,"href":"https:\/\/confeitandocomcarinho.com.br\/index.php?rest_route=%2Fwp%2Fv2%2Fcategories&post=4296"},{"taxonomy":"post_tag","embeddable":true,"href":"https:\/\/confeitandocomcarinho.com.br\/index.php?rest_route=%2Fwp%2Fv2%2Ftags&post=4296"}],"curies":[{"name":"wp","href":"https:\/\/api.w.org\/{rel}","templated":true}]}}