{"id":4375,"date":"2020-12-09T16:41:17","date_gmt":"2020-12-09T19:41:17","guid":{"rendered":"http:\/\/confeitandocomcarinho.com.br\/site\/?p=4375"},"modified":"2020-12-09T16:41:17","modified_gmt":"2020-12-09T19:41:17","slug":"sobremesa-saudavel-no-pote-funcional-e-vegano","status":"publish","type":"post","link":"https:\/\/confeitandocomcarinho.com.br\/?p=4375","title":{"rendered":"Sobremesa saudavel no pote -funcional e vegano"},"content":{"rendered":"\n<figure class=\"wp-block-embed-youtube wp-block-embed is-type-video is-provider-youtube wp-embed-aspect-16-9 wp-has-aspect-ratio\"><div class=\"wp-block-embed__wrapper\">\n<iframe loading=\"lazy\" title=\"DOCE SAUD\u00c1VEL NO POTE -  VEGANO - (Confeitaria Funcional e Inclusiva)\" width=\"500\" height=\"281\" src=\"https:\/\/www.youtube.com\/embed\/66LZU3a6neE?feature=oembed\" frameborder=\"0\" allow=\"accelerometer; autoplay; clipboard-write; encrypted-media; gyroscope; picture-in-picture; web-share\" referrerpolicy=\"strict-origin-when-cross-origin\" allowfullscreen><\/iframe>\n<\/div><\/figure>\n\n\n\n<p><\/p>\n\n\n\n<p>Ol\u00e1 seguidor (a), hoje estou trazendo uma op\u00e7\u00e3o de sobremesa super saud\u00e1vel, funcional, sem gl\u00faten, sem leite, sem ovos e sem soja. <br><br>Uma \u00f3tima op\u00e7\u00e3o para quem quer ter uma vida mais saud\u00e1vel, fazer a reeduca\u00e7\u00e3o alimentar ou quem tem necessidades alimentares especiais. <br><br>Uma sobremesa inclusiva, onde todos podem saborear pois \u00e9 deliciosa tanto quanto a convencional. <br><br>Mostrei para voc\u00eas essa vers\u00e3o de sobremesa no pote para quem quer vender e ganhar uma renda extra, mas \u00e9 claro que voc\u00ea pode fazer uma travessa para afam\u00edlia toda. <br><br>A lista de ingredientes est\u00e1 em gramas e  medidas de x\u00edcaras e colheres.<br><br>Para a receita do leite de coco clique aqui:<br>https:\/\/confeitandocomcarinho.com.br\/site\/como-fazer-leite-de-coco-caseiro-grossinho-igual-de-garrafinha\/<br><\/p>\n\n\n\n<p>Para a receita da granola clique abaixo:<br>https:\/\/confeitandocomcarinho.com.br\/site\/granola-caseira\/<br><br>Espero que voc\u00eas gostem, que voc\u00eas fa\u00e7am e se junte comigo nessa jornada da confeitaria saudav\u00e9l.<\/p>\n\n\n\n<p><strong>Lista de Ingredientes:<\/strong><br>200g ou (1 e 1\/2 x\u00edcara de ch\u00e1) de granola caseira<br>130g ou (1 x\u00edcara de ch\u00e1) de batata doce cozida e espremida<br>200g ou (2 x\u00edcaras de ch\u00e1) de frutas vermelhas<br>120g ou (10 colheres de sopa) de a\u00e7\u00facar <br>700ml ou (3 e 1\/2 x\u00edcaras de ch\u00e1) de leite de coco caseiro<br>3g ou (1 colher de ch\u00e1) de \u00e1gar-agar<br>Suco de 1 lim\u00e3o.<br><br><strong>Modo de preparo:<\/strong><br>No liquidificador acrescente o leite de coco o a\u00e7\u00facar a batata doce o \u00e1gar-agar e bata por 1 minuto em velocidade m\u00e9dia.<br>Transfira a mistura do liquidificador para uma panela e leve em fogo m\u00e9dio mexendo sempre.<br>Ap\u00f3s abrir fervura conte 3 minutos e desligue o fogo. Reserve <br>Enquanto o creme esfria um pouco, fa\u00e7a a  gel\u00e9ia de frutas.<br><strong>Gel\u00e9ia:<\/strong><br>Em uma pequena panela acrescente as frutas o a\u00e7\u00facar e o suco de lim\u00e3o.<br>leve ao fogo baixo e deixe ferver por aprocimadamente 5 minutos, ou at\u00e9 que as frutas estejam macias.<br>Desligue o fogo e reserve.<br><strong>Montagem da sobremesa:<\/strong><br>Para montar a sobremesa em potinhos de pl\u00e1stico, certifique-se que tanto o creme quanto  a gel\u00e9ia devem estar mornos para n\u00e3o danificar os potinhos.<br>Distribua a granola nos potinhos e cubra com o creme.<br>Leve os potinhos em geladeira por 30 minutos ou espere cerca de 1 e30h o doce endurecer fora da geladeira mesmo.<br>Ap\u00f3s endurecer finalize com a gel\u00e9ia e est\u00e1 pronto para vender ou servir.<br><br><strong>Rendimento:<\/strong> 4 potes de 250ml<br><strong>Validade<\/strong>: 3 dias<\/p>\n","protected":false},"excerpt":{"rendered":"<p>Ol\u00e1 seguidor (a), hoje estou trazendo uma op\u00e7\u00e3o de sobremesa super saud\u00e1vel, funcional, sem gl\u00faten, sem leite, sem ovos e sem soja. Uma \u00f3tima op\u00e7\u00e3o para quem quer ter uma vida mais saud\u00e1vel, fazer a reeduca\u00e7\u00e3o alimentar ou quem tem necessidades alimentares especiais. Uma sobremesa inclusiva, onde todos podem saborear pois \u00e9 deliciosa tanto quanto [&hellip;]<\/p>\n","protected":false},"author":2,"featured_media":4389,"comment_status":"open","ping_status":"open","sticky":false,"template":"","format":"standard","meta":{"footnotes":""},"categories":[23,28,37],"tags":[],"class_list":["post-4375","post","type-post","status-publish","format-standard","has-post-thumbnail","hentry","category-doces-e-sobremesas","category-natal","category-vegano"],"_links":{"self":[{"href":"https:\/\/confeitandocomcarinho.com.br\/index.php?rest_route=\/wp\/v2\/posts\/4375","targetHints":{"allow":["GET"]}}],"collection":[{"href":"https:\/\/confeitandocomcarinho.com.br\/index.php?rest_route=\/wp\/v2\/posts"}],"about":[{"href":"https:\/\/confeitandocomcarinho.com.br\/index.php?rest_route=\/wp\/v2\/types\/post"}],"author":[{"embeddable":true,"href":"https:\/\/confeitandocomcarinho.com.br\/index.php?rest_route=\/wp\/v2\/users\/2"}],"replies":[{"embeddable":true,"href":"https:\/\/confeitandocomcarinho.com.br\/index.php?rest_route=%2Fwp%2Fv2%2Fcomments&post=4375"}],"version-history":[{"count":0,"href":"https:\/\/confeitandocomcarinho.com.br\/index.php?rest_route=\/wp\/v2\/posts\/4375\/revisions"}],"wp:featuredmedia":[{"embeddable":true,"href":"https:\/\/confeitandocomcarinho.com.br\/index.php?rest_route=\/"}],"wp:attachment":[{"href":"https:\/\/confeitandocomcarinho.com.br\/index.php?rest_route=%2Fwp%2Fv2%2Fmedia&parent=4375"}],"wp:term":[{"taxonomy":"category","embeddable":true,"href":"https:\/\/confeitandocomcarinho.com.br\/index.php?rest_route=%2Fwp%2Fv2%2Fcategories&post=4375"},{"taxonomy":"post_tag","embeddable":true,"href":"https:\/\/confeitandocomcarinho.com.br\/index.php?rest_route=%2Fwp%2Fv2%2Ftags&post=4375"}],"curies":[{"name":"wp","href":"https:\/\/api.w.org\/{rel}","templated":true}]}}