{"id":53,"date":"2012-02-08T20:04:00","date_gmt":"2012-02-08T20:04:00","guid":{"rendered":"http:\/\/confeitandocomcarinho.com.br\/wp2\/creme-de-confeiteiro\/"},"modified":"2012-02-08T20:04:00","modified_gmt":"2012-02-08T20:04:00","slug":"creme-de-confeiteiro","status":"publish","type":"post","link":"https:\/\/confeitandocomcarinho.com.br\/?p=53","title":{"rendered":"Creme de Confeiteiro"},"content":{"rendered":"<p><iframe loading=\"lazy\" width=\"420\" height=\"315\" frameborder=\"0\" src=\"http:\/\/www.youtube.com\/embed\/hVfOZ-DZKLo\"><\/iframe><\/p>\n<div><strong>Ingredientes:<\/strong><\/div>\n<ul>\n<li>1\/2 x\u00edcara (de ch\u00e1) de leite<\/li>\n<li>2 gemas<\/li>\n<li>2 colheres (de sopa) de amido de milho<\/li>\n<li>2 colheres (de sopa) de farinha de trigo<\/li>\n<li>3\/4 x\u00edcara (de ch\u00e1) de a\u00e7\u00facar<\/li>\n<li>1 colher (de sobremesa) de ess\u00eancia de baunilha.<\/li>\n<\/ul>\n<div><strong>Modo de preparo:<\/strong>Em um panela misture metade do leite com o a\u00e7\u00facar e leve ao fogo para amornar.Reserve<\/div>\n<div>Com a outra metade do leite junte a farinha e o amido.Junte essa mistura ao leite morno acrescentando tamb\u00e9m as gemas. Leve novamente ao fogo at\u00e9 engrossar, ao final misture a ess\u00eancia de baunilha. e refrigere por aproximadamente 2 horas.<\/div>\n<div><\/div>\n<div><i><b>Dicas da Chef:<\/b><\/i> O creme pode ser saborizado tamb\u00e9m com suco de frutas, licor, chocolate ou outras ess\u00eancias.<\/div>\n<div><\/div>\n<div><\/div>\n","protected":false},"excerpt":{"rendered":"<p>Ingredientes: 1\/2 x\u00edcara (de ch\u00e1) de leite 2 gemas 2 colheres (de sopa) de amido de milho 2 colheres (de sopa) de farinha de trigo 3\/4 x\u00edcara (de ch\u00e1) de a\u00e7\u00facar 1 colher (de sobremesa) de ess\u00eancia de baunilha. Modo de preparo:Em um panela misture metade do leite com o a\u00e7\u00facar e leve ao fogo [&hellip;]<\/p>\n","protected":false},"author":2,"featured_media":3546,"comment_status":"open","ping_status":"open","sticky":false,"template":"","format":"standard","meta":{"footnotes":""},"categories":[22],"tags":[],"class_list":["post-53","post","type-post","status-publish","format-standard","has-post-thumbnail","hentry","category-coberturas-e-recheios-de-bolos"],"_links":{"self":[{"href":"https:\/\/confeitandocomcarinho.com.br\/index.php?rest_route=\/wp\/v2\/posts\/53","targetHints":{"allow":["GET"]}}],"collection":[{"href":"https:\/\/confeitandocomcarinho.com.br\/index.php?rest_route=\/wp\/v2\/posts"}],"about":[{"href":"https:\/\/confeitandocomcarinho.com.br\/index.php?rest_route=\/wp\/v2\/types\/post"}],"author":[{"embeddable":true,"href":"https:\/\/confeitandocomcarinho.com.br\/index.php?rest_route=\/wp\/v2\/users\/2"}],"replies":[{"embeddable":true,"href":"https:\/\/confeitandocomcarinho.com.br\/index.php?rest_route=%2Fwp%2Fv2%2Fcomments&post=53"}],"version-history":[{"count":0,"href":"https:\/\/confeitandocomcarinho.com.br\/index.php?rest_route=\/wp\/v2\/posts\/53\/revisions"}],"wp:featuredmedia":[{"embeddable":true,"href":"https:\/\/confeitandocomcarinho.com.br\/index.php?rest_route=\/wp\/v2\/media\/3546"}],"wp:attachment":[{"href":"https:\/\/confeitandocomcarinho.com.br\/index.php?rest_route=%2Fwp%2Fv2%2Fmedia&parent=53"}],"wp:term":[{"taxonomy":"category","embeddable":true,"href":"https:\/\/confeitandocomcarinho.com.br\/index.php?rest_route=%2Fwp%2Fv2%2Fcategories&post=53"},{"taxonomy":"post_tag","embeddable":true,"href":"https:\/\/confeitandocomcarinho.com.br\/index.php?rest_route=%2Fwp%2Fv2%2Ftags&post=53"}],"curies":[{"name":"wp","href":"https:\/\/api.w.org\/{rel}","templated":true}]}}