{"id":56,"date":"2011-11-08T00:36:00","date_gmt":"2011-11-08T00:36:00","guid":{"rendered":"http:\/\/confeitandocomcarinho.com.br\/wp2\/cuca-diet-de-banana\/"},"modified":"2011-11-08T00:36:00","modified_gmt":"2011-11-08T00:36:00","slug":"cuca-diet-de-banana","status":"publish","type":"post","link":"https:\/\/confeitandocomcarinho.com.br\/?p=56","title":{"rendered":"Cuca Diet de Banana"},"content":{"rendered":"<p>Cada vez mais descobre-se pessoas com problemas de sa\u00fade relacioando a diabetes por isso \u00e9 importante uma alimenta\u00e7\u00e3o mais regrada e balanciada&#8230;&#8230;<\/p>\n<p><!--more--><\/p>\n<p>as op\u00e7\u00f5es industrializadas as vezes ainda cont\u00e9m muitas formas de a\u00e7\u00facar por isso \u00e9 sempre bom uma op\u00e7\u00e3o mais caseira para hora do lanche.<br \/>\nSendo assim apresento minha deliciosa op\u00e7\u00e3o diet de cuca de banana para voc\u00eas!<br \/>\nComo de costume eu deixo a receita em gramas sempre exata e para quem n\u00e3o tem ou n\u00e3o quer investir em uma balan\u00e7a eu deixo tamb\u00e9m as medidas aproximadas em x\u00edcaras padr\u00e3o de 200ml.<\/p>\n<p><strong>Massa:<\/strong><\/p>\n<p>24g de margarina (2colheres sopa)<\/p>\n<p>240g de ado\u00e7ante c\u00falinario (2 x\u00edcaras de ch\u00e1)<\/p>\n<p>100g de ovos (2 ovos)<\/p>\n<p>270g de farinha de trigo ( 2 x\u00edcaras e 1\/4)<\/p>\n<p>200ml de leite desnatado morno (1 copo de leite)<\/p>\n<p>14g de fermento em p\u00f3 (1 colher sopa)<\/p>\n<p>4 a 5 bananas nanicas<\/p>\n<p>5g de sal (1 pitada de sal)<\/p>\n<p><strong>Farofa:<\/strong><\/p>\n<p>15g de farinha de trigo (2 colheres de sopa)<\/p>\n<p>9g de ado\u00e7ante forneav\u00e9l (1colher de sopa)<\/p>\n<p>12g de margarina light (1 colher de sopa)<\/p>\n<p>2g de canela em p\u00f3 (1 colher de caf\u00e9)<\/p>\n<p><strong>Modo de preparo:<\/strong><\/p>\n<p>Misturar todos ingredientes da massa a m\u00e3o com aux\u00edlio de um batedor.<br \/>\nDistribuir a massa em uma forma untada e enfarinhada.<br \/>\nFatiar as bananas e colocar por cima da massa preenchendo toda a forma.<br \/>\nMisturar todos ingredientes da farofa com aux\u00edlio de um garfo e polvilhar por cima da banana.<br \/>\nAssar em forno pr\u00e9 aquecido de 180\u00ba graus.<br \/>\n<em><strong>Dicas da chef:<\/strong><\/em> Use forma tamanho 20. A banana pode ser substituida por ma\u00e7\u00e3.<\/p>\n<div><\/div>\n","protected":false},"excerpt":{"rendered":"<p>Cada vez mais descobre-se pessoas com problemas de sa\u00fade relacioando a diabetes por isso \u00e9 importante uma alimenta\u00e7\u00e3o mais regrada e balanciada&#8230;&#8230;<\/p>\n","protected":false},"author":2,"featured_media":3530,"comment_status":"open","ping_status":"open","sticky":false,"template":"","format":"standard","meta":{"footnotes":""},"categories":[20,24],"tags":[],"class_list":["post-56","post","type-post","status-publish","format-standard","has-post-thumbnail","hentry","category-bolos-e-tortas","category-fit-lowcarb-e-diet"],"_links":{"self":[{"href":"https:\/\/confeitandocomcarinho.com.br\/index.php?rest_route=\/wp\/v2\/posts\/56","targetHints":{"allow":["GET"]}}],"collection":[{"href":"https:\/\/confeitandocomcarinho.com.br\/index.php?rest_route=\/wp\/v2\/posts"}],"about":[{"href":"https:\/\/confeitandocomcarinho.com.br\/index.php?rest_route=\/wp\/v2\/types\/post"}],"author":[{"embeddable":true,"href":"https:\/\/confeitandocomcarinho.com.br\/index.php?rest_route=\/wp\/v2\/users\/2"}],"replies":[{"embeddable":true,"href":"https:\/\/confeitandocomcarinho.com.br\/index.php?rest_route=%2Fwp%2Fv2%2Fcomments&post=56"}],"version-history":[{"count":0,"href":"https:\/\/confeitandocomcarinho.com.br\/index.php?rest_route=\/wp\/v2\/posts\/56\/revisions"}],"wp:featuredmedia":[{"embeddable":true,"href":"https:\/\/confeitandocomcarinho.com.br\/index.php?rest_route=\/wp\/v2\/media\/3530"}],"wp:attachment":[{"href":"https:\/\/confeitandocomcarinho.com.br\/index.php?rest_route=%2Fwp%2Fv2%2Fmedia&parent=56"}],"wp:term":[{"taxonomy":"category","embeddable":true,"href":"https:\/\/confeitandocomcarinho.com.br\/index.php?rest_route=%2Fwp%2Fv2%2Fcategories&post=56"},{"taxonomy":"post_tag","embeddable":true,"href":"https:\/\/confeitandocomcarinho.com.br\/index.php?rest_route=%2Fwp%2Fv2%2Ftags&post=56"}],"curies":[{"name":"wp","href":"https:\/\/api.w.org\/{rel}","templated":true}]}}